{"id":16907,"date":"2022-06-18T12:08:35","date_gmt":"2022-06-18T10:08:35","guid":{"rendered":"https:\/\/radiokfor.com\/2\/?p=16907"},"modified":"2022-06-18T12:18:20","modified_gmt":"2022-06-18T10:18:20","slug":"svetski-dan-odrzive-gastronomije","status":"publish","type":"post","link":"https:\/\/radiokfor.com\/2\/svetski-dan-odrzive-gastronomije\/","title":{"rendered":"Svetski dan odr\u017eive gastronomije"},"content":{"rendered":"<p>Danas se obele\u017eava <strong>Svetski dan odr\u017eive gastronomije<\/strong>. Ovim danom se priznaje da gastronomija predstavlja kulturno nasle\u0111e vezano za prirodnu i kulturnu raznolikost sveta.<\/p>\n<p>Odr\u017eiva gastronomija promovi\u0161e lokalne proizvo\u0111a\u010de i lokalnu hranu, a <strong>Turisti\u010dka organoizacija Gra\u010danice<\/strong> se trudi da promovi\u0161e specijalitete karakteristi\u010dne za ovaj kraj.<\/p>\n<p>\u201eTuristi\u010dka organizacija Gra\u010danice i Op\u0161tina Gra\u010danica 26. juna organizuju prvu pitijadu, manifestaciju na kojoj \u0107e ve\u0161tine u pripremi slatkih i slanih posnih pita odmeriti doma\u0107ice, ali i mu\u0161karci skloni kulinarstvu. Prethodno je u okviru projekta &#8216;Odr\u017eivi razvoj i promocija turizma u op\u0161tini Gra\u010danica&#8217;, odr\u017eana i obuka za konobare. Tako\u0111e, u proteklom periodu odr\u017eana je i obuka za kuvare. Imali smo \u010dast da sara\u0111ujemo sa ljudima koji imaju ogromnu volju i energiju da nastave da se unapre\u0111uju i sara\u0111uju sa nama kako bi zajedno obogatili gastronomsku ponudu na\u0161e op\u0161tine\u201c, rekla je <strong>Teodora \u0110oki\u0107<\/strong> iz <strong>Turisti\u010dke organizacije Gra\u010danica<\/strong>.<\/p>\n<p>Uvidev\u0161i zna\u010daj i ulogu koju gastronomija mo\u017ee odigrati na svetskom nivou, UN je 21. decembra 2016. godine usvojio posebnu rezoluciju i odredio 18. jun kao <strong>Svetski dan odr\u017eive gastronomije<\/strong>.<\/p>\n<p>Dan odr\u017eive gastronomije isti\u010de zna\u010daj i ulogu kojom gastronomija, kao takva, doprinosi celokupnom odr\u017eivom razvoju \u0161irom sveta. Tako\u0111e, potvr\u0111uje da su sve kulture i civilizacije klju\u010dni faktori u odr\u017eivom razvoju.<\/p>\n","protected":false},"excerpt":{"rendered":"<p>Danas se obele\u017eava Svetski dan odr\u017eive gastronomije. Ovim danom se priznaje da gastronomija predstavlja kulturno nasle\u0111e vezano za prirodnu i kulturnu raznolikost sveta. Odr\u017eiva gastronomija promovi\u0161e lokalne proizvo\u0111a\u010de i lokalnu hranu, a Turisti\u010dka organoizacija Gra\u010danice se trudi da promovi\u0161e specijalitete karakteristi\u010dne za ovaj kraj. \u201eTuristi\u010dka organizacija Gra\u010danice i Op\u0161tina Gra\u010danica 26. juna organizuju prvu pitijadu,&hellip;<\/p>\n","protected":false},"author":7,"featured_media":16908,"comment_status":"closed","ping_status":"closed","sticky":false,"template":"","format":"standard","meta":{"footnotes":""},"categories":[2],"tags":[],"class_list":["post-16907","post","type-post","status-publish","format-standard","has-post-thumbnail","hentry","category-news","category-2","description-off"],"_links":{"self":[{"href":"https:\/\/radiokfor.com\/2\/wp-json\/wp\/v2\/posts\/16907","targetHints":{"allow":["GET"]}}],"collection":[{"href":"https:\/\/radiokfor.com\/2\/wp-json\/wp\/v2\/posts"}],"about":[{"href":"https:\/\/radiokfor.com\/2\/wp-json\/wp\/v2\/types\/post"}],"author":[{"embeddable":true,"href":"https:\/\/radiokfor.com\/2\/wp-json\/wp\/v2\/users\/7"}],"replies":[{"embeddable":true,"href":"https:\/\/radiokfor.com\/2\/wp-json\/wp\/v2\/comments?post=16907"}],"version-history":[{"count":4,"href":"https:\/\/radiokfor.com\/2\/wp-json\/wp\/v2\/posts\/16907\/revisions"}],"predecessor-version":[{"id":16917,"href":"https:\/\/radiokfor.com\/2\/wp-json\/wp\/v2\/posts\/16907\/revisions\/16917"}],"wp:featuredmedia":[{"embeddable":true,"href":"https:\/\/radiokfor.com\/2\/wp-json\/wp\/v2\/media\/16908"}],"wp:attachment":[{"href":"https:\/\/radiokfor.com\/2\/wp-json\/wp\/v2\/media?parent=16907"}],"wp:term":[{"taxonomy":"category","embeddable":true,"href":"https:\/\/radiokfor.com\/2\/wp-json\/wp\/v2\/categories?post=16907"},{"taxonomy":"post_tag","embeddable":true,"href":"https:\/\/radiokfor.com\/2\/wp-json\/wp\/v2\/tags?post=16907"}],"curies":[{"name":"wp","href":"https:\/\/api.w.org\/{rel}","templated":true}]}}