{"id":16893,"date":"2022-06-17T13:34:56","date_gmt":"2022-06-17T11:34:56","guid":{"rendered":"https:\/\/radiokfor.com\/2\/?p=16893"},"modified":"2022-06-17T13:39:48","modified_gmt":"2022-06-17T11:39:48","slug":"svetski-dan-borbe-protiv-stvaranja-i-sirenja-pustinja","status":"publish","type":"post","link":"https:\/\/radiokfor.com\/2\/svetski-dan-borbe-protiv-stvaranja-i-sirenja-pustinja\/","title":{"rendered":"Svetski dan borbe protiv stvaranja i \u0161irenja pustinja"},"content":{"rendered":"<p>Dezertifikacija ili desertifikacija predstavlja napredovanje, \u0161irenje pustinja. To je proces pogor\u0161anja kvaliteta tla u relativno su\u0161nim podru\u010djima. Ovo pogor\u0161anje kvaliteta tla uzrokuje \u0161irenje, odnosno nastajanje pustinja ili uslova sli\u010dnim pustinjskim. Pre napredovanja pustinja naj\u010de\u0161\u0107e se u podru\u010dju uz pustinju odvija proces \u0161irenja stepa. Ranija raznovrsnost biljnog sveta se gubi, rastu jo\u0161 samo neke vrste trave koje mogu da opstanu u takvim uslovima.<\/p>\n<p>Ove tvrdnje nam potvr\u0111uje i biolog <strong>Aleksandra Miti\u0107<\/strong> koja ka\u017ee:<\/p>\n<p>\u201e<em>Dezertifikacija pogor\u0161ava ionako dovoljno te\u0161ko stanje u su\u0161nim predelima. Ona svakako uti\u010de na proizvodnju hrane i pove\u0107enje broja gladnih na planeti. Pored toga usled ovih procesa izumiru i biljne i \u017eivotinjske vrste, pa se na planeti smanjuje biodiverzitet. Ovo je ozbiljan problem koji zahteva pa\u017enju svih nas<\/em>.\u201c<\/p>\n<p>Kako bi skrenula pa\u017enju javnosti na globalni problem degradacije tla posebno u Africi, Generalna skup\u0161tina Ujedinjenih nacija proglasila je 1995. godine 17. jun <strong>Svetskim danom borbe protiv stvaranja i \u0161irenja pustinja<\/strong>. Obele\u017eavanjem ovog dana Ujedinjene nacije podse\u0107aju kako problemi isu\u0161ivanja i o\u0161te\u0107enja tla i degradacije zemlji\u0161ta ne smeju biti zanemareni.<\/p>\n<p>&nbsp;<\/p>\n<p>&nbsp;<\/p>\n","protected":false},"excerpt":{"rendered":"<p>Dezertifikacija ili desertifikacija predstavlja napredovanje, \u0161irenje pustinja. To je proces pogor\u0161anja kvaliteta tla u relativno su\u0161nim podru\u010djima. Ovo pogor\u0161anje kvaliteta tla uzrokuje \u0161irenje, odnosno nastajanje pustinja ili uslova sli\u010dnim pustinjskim. Pre napredovanja pustinja naj\u010de\u0161\u0107e se u podru\u010dju uz pustinju odvija proces \u0161irenja stepa. Ranija raznovrsnost biljnog sveta se gubi, rastu jo\u0161 samo neke vrste trave&hellip;<\/p>\n","protected":false},"author":9,"featured_media":16894,"comment_status":"closed","ping_status":"closed","sticky":false,"template":"","format":"standard","meta":{"footnotes":""},"categories":[2],"tags":[],"class_list":["post-16893","post","type-post","status-publish","format-standard","has-post-thumbnail","hentry","category-news","category-2","description-off"],"_links":{"self":[{"href":"https:\/\/radiokfor.com\/2\/wp-json\/wp\/v2\/posts\/16893","targetHints":{"allow":["GET"]}}],"collection":[{"href":"https:\/\/radiokfor.com\/2\/wp-json\/wp\/v2\/posts"}],"about":[{"href":"https:\/\/radiokfor.com\/2\/wp-json\/wp\/v2\/types\/post"}],"author":[{"embeddable":true,"href":"https:\/\/radiokfor.com\/2\/wp-json\/wp\/v2\/users\/9"}],"replies":[{"embeddable":true,"href":"https:\/\/radiokfor.com\/2\/wp-json\/wp\/v2\/comments?post=16893"}],"version-history":[{"count":4,"href":"https:\/\/radiokfor.com\/2\/wp-json\/wp\/v2\/posts\/16893\/revisions"}],"predecessor-version":[{"id":16898,"href":"https:\/\/radiokfor.com\/2\/wp-json\/wp\/v2\/posts\/16893\/revisions\/16898"}],"wp:featuredmedia":[{"embeddable":true,"href":"https:\/\/radiokfor.com\/2\/wp-json\/wp\/v2\/media\/16894"}],"wp:attachment":[{"href":"https:\/\/radiokfor.com\/2\/wp-json\/wp\/v2\/media?parent=16893"}],"wp:term":[{"taxonomy":"category","embeddable":true,"href":"https:\/\/radiokfor.com\/2\/wp-json\/wp\/v2\/categories?post=16893"},{"taxonomy":"post_tag","embeddable":true,"href":"https:\/\/radiokfor.com\/2\/wp-json\/wp\/v2\/tags?post=16893"}],"curies":[{"name":"wp","href":"https:\/\/api.w.org\/{rel}","templated":true}]}}