{"id":16826,"date":"2022-06-13T17:00:55","date_gmt":"2022-06-13T15:00:55","guid":{"rendered":"https:\/\/radiokfor.com\/2\/?p=16826"},"modified":"2022-06-13T13:56:35","modified_gmt":"2022-06-13T11:56:35","slug":"medunarodni-dan-svesti-o-albinizmu-2","status":"publish","type":"post","link":"https:\/\/radiokfor.com\/2\/medunarodni-dan-svesti-o-albinizmu-2\/","title":{"rendered":"Me\u0111unarodni dan svesti o albinizmu"},"content":{"rendered":"<p>Svake godine 13. juna, obele\u017eava se Me\u0111unarodni dan svesti o albinizmu u \u010dast ljudskih prava osoba sa albinizmom \u0161irom sveta.<\/p>\n<p>Albinizam je nasledni poremec\u0301aj pigmentacije uzrokovan nedostatkom pigmenta melanina u ko\u017ei i sluzoko\u017ei, \u010dije prisustvo odre\u0111uje boju ko\u017ee, kose i o\u010diju. Zbog toga ljudi sa albinizmom imaju izuzetno svetlu put i kosu. Boja o\u010diju kod vec\u0301ine ljudi sa albinizmom je siva ili svetlo plava. Buduc\u0301i da je melanin zna\u010dajan faktor u razvoju \u010dula vida, ljudi sa albinizmom \u010desto pate od ozbiljnih poremec\u0301aja vida. Zbog svog nedostatka, ko\u017ea ljudi sa albinizmom je osetljivija na izlaganje sun\u010devoj svetlosti, pa prekomerno izlaganje suncu u takvim slu\u010dajevima \u010de\u0161c\u0301e i br\u017ee dovodi do razvoja karcinoma ko\u017ee.<\/p>\n<p>Da bi podigla svest o albinizmu i pote\u0161koc\u0301ama sa kojima se suo\u010davaju ljudi sa albinizmom, posebno u Africi, Generalna skup\u0161tina Ujedinjenih nacija usvojila je rezoluciju 18. decembra 2014. godine progla\u0161avajuc\u0301i 13. jun Me\u0111unarodnim danom svesti o albinizmu.<\/p>\n<p>Ovaj dan se 2022. godine obele\u017eava pod nazivom \u201eStrenght beyond all odds\u201c!<\/p>\n","protected":false},"excerpt":{"rendered":"<p>Svake godine 13. juna, obele\u017eava se Me\u0111unarodni dan svesti o albinizmu u \u010dast ljudskih prava osoba sa albinizmom \u0161irom sveta. Albinizam je nasledni poremec\u0301aj pigmentacije uzrokovan nedostatkom pigmenta melanina u ko\u017ei i sluzoko\u017ei, \u010dije prisustvo odre\u0111uje boju ko\u017ee, kose i o\u010diju. Zbog toga ljudi sa albinizmom imaju izuzetno svetlu put i kosu. Boja o\u010diju kod&hellip;<\/p>\n","protected":false},"author":2,"featured_media":16827,"comment_status":"closed","ping_status":"closed","sticky":false,"template":"","format":"standard","meta":{"footnotes":""},"categories":[2],"tags":[],"class_list":["post-16826","post","type-post","status-publish","format-standard","has-post-thumbnail","hentry","category-news","category-2","description-off"],"_links":{"self":[{"href":"https:\/\/radiokfor.com\/2\/wp-json\/wp\/v2\/posts\/16826","targetHints":{"allow":["GET"]}}],"collection":[{"href":"https:\/\/radiokfor.com\/2\/wp-json\/wp\/v2\/posts"}],"about":[{"href":"https:\/\/radiokfor.com\/2\/wp-json\/wp\/v2\/types\/post"}],"author":[{"embeddable":true,"href":"https:\/\/radiokfor.com\/2\/wp-json\/wp\/v2\/users\/2"}],"replies":[{"embeddable":true,"href":"https:\/\/radiokfor.com\/2\/wp-json\/wp\/v2\/comments?post=16826"}],"version-history":[{"count":2,"href":"https:\/\/radiokfor.com\/2\/wp-json\/wp\/v2\/posts\/16826\/revisions"}],"predecessor-version":[{"id":16829,"href":"https:\/\/radiokfor.com\/2\/wp-json\/wp\/v2\/posts\/16826\/revisions\/16829"}],"wp:featuredmedia":[{"embeddable":true,"href":"https:\/\/radiokfor.com\/2\/wp-json\/wp\/v2\/media\/16827"}],"wp:attachment":[{"href":"https:\/\/radiokfor.com\/2\/wp-json\/wp\/v2\/media?parent=16826"}],"wp:term":[{"taxonomy":"category","embeddable":true,"href":"https:\/\/radiokfor.com\/2\/wp-json\/wp\/v2\/categories?post=16826"},{"taxonomy":"post_tag","embeddable":true,"href":"https:\/\/radiokfor.com\/2\/wp-json\/wp\/v2\/tags?post=16826"}],"curies":[{"name":"wp","href":"https:\/\/api.w.org\/{rel}","templated":true}]}}