{"id":16756,"date":"2022-06-07T12:59:20","date_gmt":"2022-06-07T10:59:20","guid":{"rendered":"https:\/\/radiokfor.com\/2\/?p=16756"},"modified":"2022-06-07T12:59:20","modified_gmt":"2022-06-07T10:59:20","slug":"cycle-kosovo-for-children-za-pomoc-deci-na-kosovu","status":"publish","type":"post","link":"https:\/\/radiokfor.com\/2\/cycle-kosovo-for-children-za-pomoc-deci-na-kosovu\/","title":{"rendered":"\u201eCycle Kosovo for Children\u201d za pomo\u0107 deci na Kosovu"},"content":{"rendered":"<p><strong><em>\u201eCycle Kosovo for Children\u201d<\/em><\/strong> (Vozi bicikl za decu na Kosovu) odr\u017eac\u0301e se osmu godinu zaredom u znak podr\u0161ke misiji humanitarne organizacije <strong><em>\u201cAction for Mothers and Children\u201d<\/em><\/strong> (Akcijom za majke i decu).<\/p>\n<p>Ove godine biciklisti\u010dka tura po Kosovu po\u010dec\u0301e 16. juna sa istom svrhom, a to je prikupljanje sredstava za zdravstvenu za\u0161titu dece na Kosovu. Novac prikupljen od ove manifestacije bic\u0301e iskori\u0161c\u0301en za nabavku medicinske opreme za pokrivanje potreba Pedijatrijske klinike Regionalne bolnice u Gnjilanu, kako bi se deci ove op\u0161tine obezbedile bolje zdravstvene usluge.<\/p>\n<p>Jedan od organizatora, <strong>Arljind Demaj<\/strong> ukazao je na mnogo razloga za\u0161to bi trebali da budemo deo manifestacije \u201eCycle Kosovo for Children\u201d.<\/p>\n<p>\u201e<em>Osim dobrotvorne svrhe, u\u010de\u0161c\u0301e u ovoj manifestaciji je i dobra prilika da posetite Kosovo, na neki drugi na\u010din, jer \u0107e se bicikl voziti na seoskim putevima na Kosovu, o kojima znamo vrlo malo i ima toliko mesta za posetu. Pored toga biciklizam ima mnogo koristi, o\u010duvanje va\u0161eg zdravlja, ali i o\u010duvanje \u017eivotne sredine su samo neke od njih<\/em>\u201d, rekao je <strong>Demaj<\/strong>.<\/p>\n<p><strong><em>\u201eCycle Kosovo for Children\u201d<\/em><\/strong> je dobra prilika za dru\u017eenje sa domac\u0301im i me\u0111unarodnim biciklistima, sa stru\u010dnim timom za podr\u0161ku, gde je jedina svrha prikupljanje sredstava za zdravstvenu za\u0161titu dece na Kosovu, ali i zabava sa prijateljima uz stvaranje trajnih uspomena.<\/p>\n<p>Da bi bili deo ovog doga\u0111aja ili donacije, zainteresovani mogu da posete veb <a href=\"https:\/\/vvv.globalgiving.org\/projects\/cicle-kosovo-for-children-8th-edition\/donate\/\">stranicu<\/a> doga\u0111aja.<\/p>\n","protected":false},"excerpt":{"rendered":"<p>\u201eCycle Kosovo for Children\u201d (Vozi bicikl za decu na Kosovu) odr\u017eac\u0301e se osmu godinu zaredom u znak podr\u0161ke misiji humanitarne organizacije \u201cAction for Mothers and Children\u201d (Akcijom za majke i decu). Ove godine biciklisti\u010dka tura po Kosovu po\u010dec\u0301e 16. juna sa istom svrhom, a to je prikupljanje sredstava za zdravstvenu za\u0161titu dece na Kosovu. Novac&hellip;<\/p>\n","protected":false},"author":9,"featured_media":16758,"comment_status":"closed","ping_status":"closed","sticky":false,"template":"","format":"standard","meta":{"footnotes":""},"categories":[2],"tags":[],"class_list":["post-16756","post","type-post","status-publish","format-standard","has-post-thumbnail","hentry","category-news","category-2","description-off"],"_links":{"self":[{"href":"https:\/\/radiokfor.com\/2\/wp-json\/wp\/v2\/posts\/16756","targetHints":{"allow":["GET"]}}],"collection":[{"href":"https:\/\/radiokfor.com\/2\/wp-json\/wp\/v2\/posts"}],"about":[{"href":"https:\/\/radiokfor.com\/2\/wp-json\/wp\/v2\/types\/post"}],"author":[{"embeddable":true,"href":"https:\/\/radiokfor.com\/2\/wp-json\/wp\/v2\/users\/9"}],"replies":[{"embeddable":true,"href":"https:\/\/radiokfor.com\/2\/wp-json\/wp\/v2\/comments?post=16756"}],"version-history":[{"count":2,"href":"https:\/\/radiokfor.com\/2\/wp-json\/wp\/v2\/posts\/16756\/revisions"}],"predecessor-version":[{"id":16763,"href":"https:\/\/radiokfor.com\/2\/wp-json\/wp\/v2\/posts\/16756\/revisions\/16763"}],"wp:featuredmedia":[{"embeddable":true,"href":"https:\/\/radiokfor.com\/2\/wp-json\/wp\/v2\/media\/16758"}],"wp:attachment":[{"href":"https:\/\/radiokfor.com\/2\/wp-json\/wp\/v2\/media?parent=16756"}],"wp:term":[{"taxonomy":"category","embeddable":true,"href":"https:\/\/radiokfor.com\/2\/wp-json\/wp\/v2\/categories?post=16756"},{"taxonomy":"post_tag","embeddable":true,"href":"https:\/\/radiokfor.com\/2\/wp-json\/wp\/v2\/tags?post=16756"}],"curies":[{"name":"wp","href":"https:\/\/api.w.org\/{rel}","templated":true}]}}