{"id":16615,"date":"2022-05-29T14:12:03","date_gmt":"2022-05-29T12:12:03","guid":{"rendered":"https:\/\/radiokfor.com\/2\/?p=16615"},"modified":"2022-05-29T14:12:03","modified_gmt":"2022-05-29T12:12:03","slug":"pristina-u-bazi-film-city-odrzan-murph-izazov","status":"publish","type":"post","link":"https:\/\/radiokfor.com\/2\/pristina-u-bazi-film-city-odrzan-murph-izazov\/","title":{"rendered":"Pri\u0161tina: U bazi Film City odr\u017ean \u201cMurph\u201d izazov"},"content":{"rendered":"<p>U vojnoj bazi KFOR-a, danas je odr\u017ean \u201cMurph\u201d izazov. Ovo je ve\u017eba visokog inteziteta koja uklju\u010duje elemente nekoliko sportova i vrsta ve\u017ebanja, a odr\u017eana je u \u010dast svih mu\u0161karaca i \u017eena koji su izgubili \u017eivot na du\u017enosti, a posebno u \u010dast poru\u010dnika Majkla Marfija koji je poginuo u Avganistanu 28. juna 2005. godine.<\/p>\n<p>Ve\u017ebu je otvorio komandant KFOR-a general major Farenc Kajari, koji je svim u\u010desnicima poru\u010dio da je bol privremena, ali da je slava ve\u010dna.<\/p>\n<p><em>\u201eVeliko je zadovoljstvo po prvi put organizovati ovu aktivnost i to uz podr\u0161ku vi\u0161e od 100 pripadnika KFOR-a. To pokazuje da imamo odli\u010dan tim i veoma sam srec\u0301an \u0161to sam deo toga. Znam da nec\u0301ete imati problema da u\u010destvujete u dana\u0161njem sportskom izazovu. Zapamtite, bol je privremen, slava je ve\u010dna\u201d,<\/em> rekao je komandant KFOR-a, general-major Ferenc Kajari tokom ceremonije otvaranja.<\/p>\n<p>Komandni narednik-major Tomas Zsiros, oragnizator ovog doga\u0111aja je tako\u0111e govorio na ceremoniji otvaranja.<\/p>\n<p><em>\u201eU \u010dast Svetskog dana boraca, sec\u0301amo se heroja koji su \u017ertvovali svoje \u017eivote, sec\u0301amo se njihovih dragocenih dela kroz razne sportske aktivnosti, odnosno kroz izazov pod nazivom \u201eMurph\u201c, sec\u0301ajuc\u0301i se heroja poru\u010dnika\u00a0 Michael P. Murphi.\u201d<\/em><\/p>\n<p>Svi u\u010desnici su danas do\u0161li kako bi na ovaj specifi\u010dan na\u010din odali po\u010dast svim vojnicima koji su poginuli na du\u017enosti.<\/p>\n<p><em>\u201eOvde smo da odamo po\u010dast na\u0161em vojniku, poru\u010dniku Majklu P. Marfu i prijateljima koji su dali svoje \u017eivote za nas. Ovo je na\u0161 na\u010din da im odamo po\u010dast i da ih se sec\u0301amo&#8221;, <\/em>poru\u010dio je potpukovnik Regionalne komande Istok, Eddie Simpson.<\/p>\n<p>Ovaj doga\u0111aj je danas okupio vi\u0161e od 100 vojnika, pripadnika KFOR-a, koji dolaze iz 28 zemalja \u0161irom sveta. Za njih je dana\u0161nji doga\u0111aj bio pravi izazov.<\/p>\n<p><em>\u201eDanas smo ovde zbog \u201cMurph\u201d izazova, ali u Poljskoj danas obele\u017eavamo Dan veterana koji \u0107emo proslaviti Murph ve\u017ebama. Prvo tr\u010dimo jednu milju, nakon toga radimo 100 zgibova, 300 sklekova, 300 \u010du\u010dnjeva. Ovo je veliki izazov\u201d,<\/em> rekao je Michal Riske iz poljskog kontigenta KFOR-a na Kosovu.<\/p>\n<p><em>\u201cSpremna sam za Murph izazov, uzbu\u0111ena sam \u0161to sam ovde i ovo je ujedno veliki izazov za mene\u201d,<\/em> rekla je pripadnica ma\u0111arskog kontigenta KFOR-a Eszter Kekesi.<\/p>\n","protected":false},"excerpt":{"rendered":"<p>U vojnoj bazi KFOR-a, danas je odr\u017ean \u201cMurph\u201d izazov. Ovo je ve\u017eba visokog inteziteta koja uklju\u010duje elemente nekoliko sportova i vrsta ve\u017ebanja, a odr\u017eana je u \u010dast svih mu\u0161karaca i \u017eena koji su izgubili \u017eivot na du\u017enosti, a posebno u \u010dast poru\u010dnika Majkla Marfija koji je poginuo u Avganistanu 28. juna 2005. godine. Ve\u017ebu je&hellip;<\/p>\n","protected":false},"author":2,"featured_media":16618,"comment_status":"closed","ping_status":"closed","sticky":false,"template":"","format":"standard","meta":{"footnotes":""},"categories":[2],"tags":[],"class_list":["post-16615","post","type-post","status-publish","format-standard","has-post-thumbnail","hentry","category-news","category-2","description-off"],"_links":{"self":[{"href":"https:\/\/radiokfor.com\/2\/wp-json\/wp\/v2\/posts\/16615","targetHints":{"allow":["GET"]}}],"collection":[{"href":"https:\/\/radiokfor.com\/2\/wp-json\/wp\/v2\/posts"}],"about":[{"href":"https:\/\/radiokfor.com\/2\/wp-json\/wp\/v2\/types\/post"}],"author":[{"embeddable":true,"href":"https:\/\/radiokfor.com\/2\/wp-json\/wp\/v2\/users\/2"}],"replies":[{"embeddable":true,"href":"https:\/\/radiokfor.com\/2\/wp-json\/wp\/v2\/comments?post=16615"}],"version-history":[{"count":1,"href":"https:\/\/radiokfor.com\/2\/wp-json\/wp\/v2\/posts\/16615\/revisions"}],"predecessor-version":[{"id":16619,"href":"https:\/\/radiokfor.com\/2\/wp-json\/wp\/v2\/posts\/16615\/revisions\/16619"}],"wp:featuredmedia":[{"embeddable":true,"href":"https:\/\/radiokfor.com\/2\/wp-json\/wp\/v2\/media\/16618"}],"wp:attachment":[{"href":"https:\/\/radiokfor.com\/2\/wp-json\/wp\/v2\/media?parent=16615"}],"wp:term":[{"taxonomy":"category","embeddable":true,"href":"https:\/\/radiokfor.com\/2\/wp-json\/wp\/v2\/categories?post=16615"},{"taxonomy":"post_tag","embeddable":true,"href":"https:\/\/radiokfor.com\/2\/wp-json\/wp\/v2\/tags?post=16615"}],"curies":[{"name":"wp","href":"https:\/\/api.w.org\/{rel}","templated":true}]}}