{"id":16488,"date":"2022-05-19T15:27:57","date_gmt":"2022-05-19T15:27:57","guid":{"rendered":"https:\/\/radiokfor.com\/2\/?p=16488"},"modified":"2022-05-19T15:33:57","modified_gmt":"2022-05-19T15:33:57","slug":"predrag-lalic-zivotu-dodajte-korake-a-ne-godine","status":"publish","type":"post","link":"https:\/\/radiokfor.com\/2\/predrag-lalic-zivotu-dodajte-korake-a-ne-godine\/","title":{"rendered":"Predrag Lali\u0107: \u017divotu dodajte korake, a ne godine"},"content":{"rendered":"<p>Rekreativni sportovi, fizi\u010dka aktivnosti, ali i o\u010duvanje \u017eivotne sredine bile su neke od tema razgovora sa profesorom fizi\u010dkog vaspitanja <strong>Predragom Lali\u0107em<\/strong> koji je danas bio gost u na\u0161em studiju. \u201eBolje da \u017eivotu ne dodajemo godine, nego godinama korake\u201c, njegova je glavna poruka svim na\u0161im slu\u0161aocima bez obzira na pol i uzrast.<\/p>\n<p>Predrag ka\u017ee da ljubav prema rekreativnim sportovima kod njega traje od malih nogu, a posebnu pa\u017enju, osim profesorskom pozivu, poklonio je i tr\u010danju maratona i polumaratona za kojima se interesovanje javilo nakon \u0161to je 2017. godine istr\u010dao 30. Beogradski maraton. Tvrdi da svako od nas mo\u017ee da istr\u010di maraton, ali da su za to neophodni odre\u0111eni uslovi.<\/p>\n<p>\u201eU \u017eivotu nije ni\u0161ta nedosti\u017eno pa tako i tr\u010danje tih dugih distanca. Najbitnije je da pre\u0111ete ku\u0107ni prag, obu\u010dete sportsku opremu, iza\u0111ete, i 70 odsto priprema ste zavr\u0161ili\u201c, poru\u010duje Predrag koji u proseku trenira do pet puta nedeljno.<\/p>\n<p>S obzirom da radi kao profesor u \u0161koli, Predrag tvrdi da su se ranije sva deca radovala \u010dasovima fizi\u010dkog vaspitanja. Sada je, ka\u017ee, situacija druga\u010dija.<\/p>\n<p>\u201eSada su neke nove generacije, neki novi stilovi \u017eivota, ali mi se kao nastavnici trudimo da tu decu animiramo, uka\u017eemo im na zna\u010daj fizi\u010dke aktivnosti, na njihov pravilan rast i razvoj\u201c, rekao je Predrag.<\/p>\n<p>Osim \u0161to je svima poru\u010dio da se bave sportom, Predrag apeluje i na o\u010duvanje \u017eivotne sredine.<\/p>\n<p>\u201eKako se mi budemo ophodili prema planini ili prirodi, ona \u0107e nam istom merom i vratiti. Ako mi brinemo o prirodi, priroda \u0107e brinuti o nama. Moramo da vodimo ra\u010duna da imamo \u0161to vi\u0161e \u010distijih parkova, zelenila kako bi svi zdravije odrastali\u201c.<\/p>\n","protected":false},"excerpt":{"rendered":"<p>Rekreativni sportovi, fizi\u010dka aktivnosti, ali i o\u010duvanje \u017eivotne sredine bile su neke od tema razgovora sa profesorom fizi\u010dkog vaspitanja Predragom Lali\u0107em koji je danas bio gost u na\u0161em studiju. \u201eBolje da \u017eivotu ne dodajemo godine, nego godinama korake\u201c, njegova je glavna poruka svim na\u0161im slu\u0161aocima bez obzira na pol i uzrast. Predrag ka\u017ee da ljubav&hellip;<\/p>\n","protected":false},"author":7,"featured_media":16491,"comment_status":"closed","ping_status":"closed","sticky":false,"template":"","format":"standard","meta":{"footnotes":""},"categories":[2],"tags":[],"class_list":["post-16488","post","type-post","status-publish","format-standard","has-post-thumbnail","hentry","category-news","category-2","description-off"],"_links":{"self":[{"href":"https:\/\/radiokfor.com\/2\/wp-json\/wp\/v2\/posts\/16488","targetHints":{"allow":["GET"]}}],"collection":[{"href":"https:\/\/radiokfor.com\/2\/wp-json\/wp\/v2\/posts"}],"about":[{"href":"https:\/\/radiokfor.com\/2\/wp-json\/wp\/v2\/types\/post"}],"author":[{"embeddable":true,"href":"https:\/\/radiokfor.com\/2\/wp-json\/wp\/v2\/users\/7"}],"replies":[{"embeddable":true,"href":"https:\/\/radiokfor.com\/2\/wp-json\/wp\/v2\/comments?post=16488"}],"version-history":[{"count":2,"href":"https:\/\/radiokfor.com\/2\/wp-json\/wp\/v2\/posts\/16488\/revisions"}],"predecessor-version":[{"id":16492,"href":"https:\/\/radiokfor.com\/2\/wp-json\/wp\/v2\/posts\/16488\/revisions\/16492"}],"wp:featuredmedia":[{"embeddable":true,"href":"https:\/\/radiokfor.com\/2\/wp-json\/wp\/v2\/media\/16491"}],"wp:attachment":[{"href":"https:\/\/radiokfor.com\/2\/wp-json\/wp\/v2\/media?parent=16488"}],"wp:term":[{"taxonomy":"category","embeddable":true,"href":"https:\/\/radiokfor.com\/2\/wp-json\/wp\/v2\/categories?post=16488"},{"taxonomy":"post_tag","embeddable":true,"href":"https:\/\/radiokfor.com\/2\/wp-json\/wp\/v2\/tags?post=16488"}],"curies":[{"name":"wp","href":"https:\/\/api.w.org\/{rel}","templated":true}]}}