{"id":16446,"date":"2022-05-15T10:01:13","date_gmt":"2022-05-15T10:01:13","guid":{"rendered":"https:\/\/radiokfor.com\/2\/?p=16446"},"modified":"2022-05-16T10:02:59","modified_gmt":"2022-05-16T10:02:59","slug":"danas-je-medunarodni-dan-porodice","status":"publish","type":"post","link":"https:\/\/radiokfor.com\/2\/danas-je-medunarodni-dan-porodice\/","title":{"rendered":"Danas je Me\u0111unarodni dan porodice"},"content":{"rendered":"<p>Odlukom Generalne skup\u0161tine Ujedinjenih nacija, Me\u0111unarodni dan porodice obele\u017eava se \u0161irom sveta od 1994. godine. Ovaj dan se oble\u017eava kako bi se istakao zna\u010daj porodice kao osnovnog elementa svakog dru\u0161tva, da bi se dru\u0161tvo podstaklo da radi za dobrobit porodice, da donosi odluke koje c\u0301e obezbediti bolji standard i kvalitet \u017eivota i da po\u0161tuje porodi\u010dni \u017eivot, tradiciju i obi\u010daje.<\/p>\n<p>Ove godine tema Me\u0111unarodnog dana porodice je \u201ePorodice i urbanizacija\u201c, ima za cilj da podigne svest o va\u017enosti odr\u017eivih urbanih politika prilago\u0111enih porodici.<\/p>\n<p>Na ovaj dan se \u0161irom sveta organizuju aktivnosti na lokalnom, nacionalnom i me\u0111unarodnom nivou sa ciljem da se uka\u017ee na va\u017ena pitanja za porodicu, kao i dru\u0161tvene, ekonomske i demografske procese koji se ti\u010du porodice.<\/p>\n<p>&nbsp;<\/p>\n<p>&nbsp;<\/p>\n","protected":false},"excerpt":{"rendered":"<p>Odlukom Generalne skup\u0161tine Ujedinjenih nacija, Me\u0111unarodni dan porodice obele\u017eava se \u0161irom sveta od 1994. godine. Ovaj dan se oble\u017eava kako bi se istakao zna\u010daj porodice kao osnovnog elementa svakog dru\u0161tva, da bi se dru\u0161tvo podstaklo da radi za dobrobit porodice, da donosi odluke koje c\u0301e obezbediti bolji standard i kvalitet \u017eivota i da po\u0161tuje porodi\u010dni&hellip;<\/p>\n","protected":false},"author":2,"featured_media":16447,"comment_status":"closed","ping_status":"closed","sticky":false,"template":"","format":"standard","meta":{"footnotes":""},"categories":[2],"tags":[],"class_list":["post-16446","post","type-post","status-publish","format-standard","has-post-thumbnail","hentry","category-news","category-2","description-off"],"_links":{"self":[{"href":"https:\/\/radiokfor.com\/2\/wp-json\/wp\/v2\/posts\/16446","targetHints":{"allow":["GET"]}}],"collection":[{"href":"https:\/\/radiokfor.com\/2\/wp-json\/wp\/v2\/posts"}],"about":[{"href":"https:\/\/radiokfor.com\/2\/wp-json\/wp\/v2\/types\/post"}],"author":[{"embeddable":true,"href":"https:\/\/radiokfor.com\/2\/wp-json\/wp\/v2\/users\/2"}],"replies":[{"embeddable":true,"href":"https:\/\/radiokfor.com\/2\/wp-json\/wp\/v2\/comments?post=16446"}],"version-history":[{"count":1,"href":"https:\/\/radiokfor.com\/2\/wp-json\/wp\/v2\/posts\/16446\/revisions"}],"predecessor-version":[{"id":16448,"href":"https:\/\/radiokfor.com\/2\/wp-json\/wp\/v2\/posts\/16446\/revisions\/16448"}],"wp:featuredmedia":[{"embeddable":true,"href":"https:\/\/radiokfor.com\/2\/wp-json\/wp\/v2\/media\/16447"}],"wp:attachment":[{"href":"https:\/\/radiokfor.com\/2\/wp-json\/wp\/v2\/media?parent=16446"}],"wp:term":[{"taxonomy":"category","embeddable":true,"href":"https:\/\/radiokfor.com\/2\/wp-json\/wp\/v2\/categories?post=16446"},{"taxonomy":"post_tag","embeddable":true,"href":"https:\/\/radiokfor.com\/2\/wp-json\/wp\/v2\/tags?post=16446"}],"curies":[{"name":"wp","href":"https:\/\/api.w.org\/{rel}","templated":true}]}}