{"id":16405,"date":"2022-05-12T10:53:09","date_gmt":"2022-05-12T10:53:09","guid":{"rendered":"https:\/\/radiokfor.com\/2\/?p=16405"},"modified":"2022-05-12T11:06:13","modified_gmt":"2022-05-12T11:06:13","slug":"gordana-jovanovic-priroda-je-deo-nas","status":"publish","type":"post","link":"https:\/\/radiokfor.com\/2\/gordana-jovanovic-priroda-je-deo-nas\/","title":{"rendered":"Gordana Jovanovi\u0107: Priroda je deo nas"},"content":{"rendered":"<p>Na KFOR radiju maj je mesec posve\u0107en planinarenju i prirodi. \u201e\u010covek je sastavni deo prirode i priroda je deo nas\u201c, porui\u010dila je na\u0161a dana\u0161nja go\u0161\u0107a, planinarka Gordana Jovanovi\u0107.<\/p>\n<p>Gordana u\u017eiva u prirodi od najranijeg detinjstva koje pamti po dugim \u0161etnjama sa svojim ocem po novobrdskim predelima. Planinarenjem se aktivno bavi oko 5 godina. Na taj na\u010din je, kako ka\u017ee, po\u010dela da traga sama za sobom i prevazilazi svoje strahove.<\/p>\n<p>\u201eNa planini sam shvatila da imam vrstu nelagode od pada i visine. Nekad sam, kada sam planinarila sama, nailazila na divlje svinje, zmije, svakakve \u017eivotinje. Pro\u0111em pored zimije, poskoka, nikad ni\u0161ta, ali kada su strmoviti predeli onda se jako borim sa sobom. Krene ne\u0161to kao pani\u010dni napad, ali nakon toga dolazi rad na sebi i smirivanje\u201c, rekla je Gordana.<\/p>\n<p>Osim planinarenja, Gordana voli da hoda, gljivari i tr\u010di. Najzanimljivija mesta koja je posetila su Nemrut u Turskoj, Stara planina i \u0160ara. Ka\u017ee da sanja o Araratu, a pred njom je put u Kapadokiju.<\/p>\n<p>Svim na\u0161im slu\u0161aocima, bez obzira na veru ili nacionalnu pripadnost, Gordana poru\u010duje da je planina odli\u010dan na\u010din da se upoznamo.<\/p>\n<p>\u201eOslobodite se strahova, predrasuda, zaboravite ime, prezime, poreklo i prepustite se \u010darima zvanim priroda\u201c.<\/p>\n","protected":false},"excerpt":{"rendered":"<p>Na KFOR radiju maj je mesec posve\u0107en planinarenju i prirodi. \u201e\u010covek je sastavni deo prirode i priroda je deo nas\u201c, porui\u010dila je na\u0161a dana\u0161nja go\u0161\u0107a, planinarka Gordana Jovanovi\u0107. Gordana u\u017eiva u prirodi od najranijeg detinjstva koje pamti po dugim \u0161etnjama sa svojim ocem po novobrdskim predelima. Planinarenjem se aktivno bavi oko 5 godina. Na taj&hellip;<\/p>\n","protected":false},"author":2,"featured_media":16406,"comment_status":"closed","ping_status":"closed","sticky":false,"template":"","format":"standard","meta":{"footnotes":""},"categories":[2],"tags":[],"class_list":["post-16405","post","type-post","status-publish","format-standard","has-post-thumbnail","hentry","category-news","category-2","description-off"],"_links":{"self":[{"href":"https:\/\/radiokfor.com\/2\/wp-json\/wp\/v2\/posts\/16405","targetHints":{"allow":["GET"]}}],"collection":[{"href":"https:\/\/radiokfor.com\/2\/wp-json\/wp\/v2\/posts"}],"about":[{"href":"https:\/\/radiokfor.com\/2\/wp-json\/wp\/v2\/types\/post"}],"author":[{"embeddable":true,"href":"https:\/\/radiokfor.com\/2\/wp-json\/wp\/v2\/users\/2"}],"replies":[{"embeddable":true,"href":"https:\/\/radiokfor.com\/2\/wp-json\/wp\/v2\/comments?post=16405"}],"version-history":[{"count":2,"href":"https:\/\/radiokfor.com\/2\/wp-json\/wp\/v2\/posts\/16405\/revisions"}],"predecessor-version":[{"id":16408,"href":"https:\/\/radiokfor.com\/2\/wp-json\/wp\/v2\/posts\/16405\/revisions\/16408"}],"wp:featuredmedia":[{"embeddable":true,"href":"https:\/\/radiokfor.com\/2\/wp-json\/wp\/v2\/media\/16406"}],"wp:attachment":[{"href":"https:\/\/radiokfor.com\/2\/wp-json\/wp\/v2\/media?parent=16405"}],"wp:term":[{"taxonomy":"category","embeddable":true,"href":"https:\/\/radiokfor.com\/2\/wp-json\/wp\/v2\/categories?post=16405"},{"taxonomy":"post_tag","embeddable":true,"href":"https:\/\/radiokfor.com\/2\/wp-json\/wp\/v2\/tags?post=16405"}],"curies":[{"name":"wp","href":"https:\/\/api.w.org\/{rel}","templated":true}]}}