{"id":1628,"date":"2018-04-07T12:16:41","date_gmt":"2018-04-07T12:16:41","guid":{"rendered":"http:\/\/radiokfor.com\/2\/?p=1628"},"modified":"2018-11-30T12:18:03","modified_gmt":"2018-11-30T12:18:03","slug":"svaki-covek-je-tvorac-svog-zdravlja","status":"publish","type":"post","link":"https:\/\/radiokfor.com\/2\/svaki-covek-je-tvorac-svog-zdravlja\/","title":{"rendered":"\u201cSvaki \u010dovek je tvorac svog zdravlja\u201d"},"content":{"rendered":"<p>Svetski dan zdravlja obele\u017eava se \u0161irom sveta 7. aprila\u00a0svake godine pod pokroviteljstvom Svetske zdravstvene organizacije. Odluka da se ovaj dan obele\u017eava kao Svetski dan zdravlja donesena je na prvoj skup\u0161tini ove organizacije, odr\u017eanoj 1948. godine u \u017denevi. Svake godine SZO i druge institucije organizuju razli\u010dita me\u0111unarodna, regionalna i lokalna de\u0161avanja \u0161to podrazumeva predavanja, deljenje\u00a0promotivnog materijala, medijske kampanje, edukovanje zdravstvenih i drugih radnika i pojedinaca svih uzrasta.Jovana Stojanovi\u0107 ka\u017ee da Omladinski edukativni klub Sinergija, nizom razli\u010ditih aktivnosti podi\u017ee svest kod gra\u0111ana o zdravom \u017eivotu tokom \u010ditave godine, ali je povodom Svetskog dana zdravlja organizovan poseban program u tu svrhu.<\/p>\n<p>\u201cOvom akcijom \u017eelimo da skrenemo pa\u017enju mladim ljudima, ali i na\u0161im sugra\u0111anima da vi\u0161e pa\u017enje obrate na svoje zdravlje, da vi\u0161e pa\u017enje obrate na svoju okolinu i da se posvete vi\u0161e fizi\u010dkim aktivnostima. Mi smo danas ovde pripremili me\u0161ano vo\u0107e, razli\u010dite sokove, ali istovremeno imamo i jednu izlo\u017ebu koja govori o tome koje su nutritivne vrednosti vo\u0107a i povr\u0107a sa na\u0161eg podru\u010dja i da nije neophodno da se jede samo vo\u0107e iz ju\u017enih krajeva da bi se dobili neki vitamini\u201c, kazala je Stojanovi\u0107eva.<\/p>\n<p>Posebnu pa\u017enju mladih privuklo je predavanje diplomiranog in\u017einjera saobra\u0107aja Petra Suboti\u0107a koji je skrenuo pa\u017enju na nedovoljno razvijenu upotrebu bicikla kao prevoznog sredstva.<\/p>\n<p>\u201eJa ukazujem prvo na \u0161to manje kori\u0161\u0107enje automobila, na \u0161to vi\u0161e vo\u017enji bicikle i kretanja pe\u0161ice. Prvo zato \u0161to na taj na\u010din manje zaga\u0111ujemo okolinu, a sa druge strane na\u0161 \u017eivot je kvalitetniji. \u0160to se ti\u010de promocije biciklizma ovde se odnosi samo na rekreativno kori\u0161\u0107enje bicikla jer bicikl u Mitrovici nije za\u017eiveo kao prevozno sredstvo i to je na\u017ealost jako lo\u0161e. Mitrovica ima samo \u010detiri kvadratna kilometra, tako da, gde god se pomerimo mi za deset minuta mo\u017eemo pe\u0161ice da do\u0111emo od ta\u010dke A do ta\u010dke B\u201c, ka\u017ee Suboti\u0107.<\/p>\n<p>Kineska poslovica: \u201eAko nemate sad dovoljno vremena za svoje zdravlje, kasnije \u0107ete morati da odvojite mnogo vi\u0161e vremena i novca za svoju bolest\u201c. Zato se o svom zdravlju starajte svakodnevno! Zdravi bili!<\/p>\n","protected":false},"excerpt":{"rendered":"<p>Svetski dan zdravlja obele\u017eava se \u0161irom sveta 7. aprila\u00a0svake godine pod pokroviteljstvom Svetske zdravstvene organizacije. Odluka da se ovaj dan obele\u017eava kao Svetski dan zdravlja donesena je na prvoj skup\u0161tini ove organizacije, odr\u017eanoj 1948. godine u \u017denevi. Svake godine SZO i druge institucije organizuju razli\u010dita me\u0111unarodna, regionalna i lokalna de\u0161avanja \u0161to podrazumeva predavanja, deljenje\u00a0promotivnog materijala,&hellip;<\/p>\n","protected":false},"author":2,"featured_media":1630,"comment_status":"open","ping_status":"open","sticky":false,"template":"","format":"standard","meta":{"footnotes":""},"categories":[2],"tags":[641,61,640],"class_list":["post-1628","post","type-post","status-publish","format-standard","has-post-thumbnail","hentry","category-news","tag-jovana-stojanovic","tag-sinergija","tag-svetski-dan-zdravlja","category-2","description-off"],"_links":{"self":[{"href":"https:\/\/radiokfor.com\/2\/wp-json\/wp\/v2\/posts\/1628","targetHints":{"allow":["GET"]}}],"collection":[{"href":"https:\/\/radiokfor.com\/2\/wp-json\/wp\/v2\/posts"}],"about":[{"href":"https:\/\/radiokfor.com\/2\/wp-json\/wp\/v2\/types\/post"}],"author":[{"embeddable":true,"href":"https:\/\/radiokfor.com\/2\/wp-json\/wp\/v2\/users\/2"}],"replies":[{"embeddable":true,"href":"https:\/\/radiokfor.com\/2\/wp-json\/wp\/v2\/comments?post=1628"}],"version-history":[{"count":1,"href":"https:\/\/radiokfor.com\/2\/wp-json\/wp\/v2\/posts\/1628\/revisions"}],"predecessor-version":[{"id":1631,"href":"https:\/\/radiokfor.com\/2\/wp-json\/wp\/v2\/posts\/1628\/revisions\/1631"}],"wp:featuredmedia":[{"embeddable":true,"href":"https:\/\/radiokfor.com\/2\/wp-json\/wp\/v2\/media\/1630"}],"wp:attachment":[{"href":"https:\/\/radiokfor.com\/2\/wp-json\/wp\/v2\/media?parent=1628"}],"wp:term":[{"taxonomy":"category","embeddable":true,"href":"https:\/\/radiokfor.com\/2\/wp-json\/wp\/v2\/categories?post=1628"},{"taxonomy":"post_tag","embeddable":true,"href":"https:\/\/radiokfor.com\/2\/wp-json\/wp\/v2\/tags?post=1628"}],"curies":[{"name":"wp","href":"https:\/\/api.w.org\/{rel}","templated":true}]}}