{"id":16064,"date":"2022-04-14T13:25:11","date_gmt":"2022-04-14T13:25:11","guid":{"rendered":"https:\/\/radiokfor.com\/2\/?p=16064"},"modified":"2022-04-14T13:25:11","modified_gmt":"2022-04-14T13:25:11","slug":"dorucak-sa-gimnazijalcima-drugarstvo-i-humanost","status":"publish","type":"post","link":"https:\/\/radiokfor.com\/2\/dorucak-sa-gimnazijalcima-drugarstvo-i-humanost\/","title":{"rendered":"Doru\u010dak sa Gimnazijalcima: Drugarstvo i humanost"},"content":{"rendered":"<p>U\u010denici Gimnazije u Lapljem Selu ne pristaju da na matursku ekskurziju odu bez drugara koji nisu u mogu\u0107nosti da finansiraju ovo putovanje. Kako bi prikupili neophodan novac organizovali su humanitarnu akciju <strong>\u201eDoru\u010dak sa gimnazijalcima\u201c<\/strong>.<\/p>\n<p>Na osam \u0161tandova, na platou ispred Op\u0161tine Gra\u010danica, u\u010denici su prodavali hranu, me\u0111u kojom je najvi\u0161e bilo slatki\u0161a, a koju su pripremili i upakovali zajedno sa drugarima i profesorima. Cene su bile simboli\u010dne, kao i \u010ditav doga\u0111aj.<\/p>\n<p>Inicijator ovog doga\u0111aja je <strong>U\u010deni\u010dki palament<\/strong> \u0161kole, a njegova predsednica <strong>Anastasija Kosti\u0107<\/strong> ka\u017ee da se ova uspe\u0161na manifestacija odr\u017eava \u010detvrtu godinu.<\/p>\n<p>\u201eNa ideju smo do\u0161li jer smo shvatili da nemaju svi dovoljno nov\u010danih sredstava da odu na ekskurziju, a mi smo pre svega jako slo\u017eni i bilo nam je krivo da neko ode, a da neko ne ode. Iz tog razloga smo se dogovorili da organizujemo neku akciju. Pala nam je na pamet ova manifestacija, jer svako od nas mo\u017ee da u\u010destvuje, da ne\u0161to pripremi i doprinese\u201c.<\/p>\n<p>Akciji su se odazvala sva odeljenja, a podr\u017eali su ih profesori i rukovodstvo \u0161kole.<\/p>\n<p>\u201eOva akcija ima za cilj da doprinese prikupljanju sredstava za u\u010denike koji nisu u mogu\u0107nosti da priu\u0161te odlazak na matursku ekskurziju&#8230; To je jedno iskustvo kojeg \u0107e se se\u0107ati \u010ditavog \u017eivota\u201c, rekla je Mila Mihajlovi\u0107, u\u010denica drugog razreda Gimnazije.<\/p>\n<p>Rukovodstvo \u0161kole i profesori danas su veoma ponosni na svoje u\u010denike.<\/p>\n<p>\u201ePoruka u\u010denicima je da \u010duvaju humanost koju su stekli tokom \u0161kolovanja i u radu sa nama, da neguju empatiju, to je jako va\u017eno, jer nisam sigurna da \u0107e deca koja odu na ekskurziju biti sre\u0107na ukoliko neko od njhivoih drugova ostane kod ku\u0107e. Treba deliti radost i tugu, ali radosti \u0161to vi\u0161e\u201c, rekla je profesorka srpskog jezika i knji\u017eevnosti Ana Kosti\u0107.<\/p>\n<p>I ovoga puta Gimnazijalni nisu sami. Osim gra\u0111ana, u pomo\u0107 priti\u010du i <strong>Narodno pozori\u0161e<\/strong> i <strong>Dom kulture Gra\u010danica<\/strong>. Glumci pozori\u0161ta \u0107e u ponedeljak od 20 sati izvesti predstavu <a href=\"https:\/\/pristina.theater\/vest\/sumljivo-lice-za-maturante-u-gracanici-19.html&amp;jezik=\">\u201e<strong>SumLjivo lice\u201c<\/strong>,<\/a> a prihod od prodatih ulaznica bi\u0107e doniran U\u010deni\u010dkom parlamentu.<\/p>\n<p>Sva hrana koja danas na \u0161tandovima ne bude prodata bi\u0107e prosle\u0111ena <strong>Domu za nezbrinutu decu u Gra\u010danici<\/strong>, a ukoliko bude sakupljeno vi\u0161e novca on \u0107e biti dalje prosle\u0111en u humanitarne svrhe.<\/p>\n","protected":false},"excerpt":{"rendered":"<p>U\u010denici Gimnazije u Lapljem Selu ne pristaju da na matursku ekskurziju odu bez drugara koji nisu u mogu\u0107nosti da finansiraju ovo putovanje. Kako bi prikupili neophodan novac organizovali su humanitarnu akciju \u201eDoru\u010dak sa gimnazijalcima\u201c. Na osam \u0161tandova, na platou ispred Op\u0161tine Gra\u010danica, u\u010denici su prodavali hranu, me\u0111u kojom je najvi\u0161e bilo slatki\u0161a, a koju su&hellip;<\/p>\n","protected":false},"author":7,"featured_media":16065,"comment_status":"closed","ping_status":"closed","sticky":false,"template":"","format":"standard","meta":{"footnotes":""},"categories":[2],"tags":[],"class_list":["post-16064","post","type-post","status-publish","format-standard","has-post-thumbnail","hentry","category-news","category-2","description-off"],"_links":{"self":[{"href":"https:\/\/radiokfor.com\/2\/wp-json\/wp\/v2\/posts\/16064","targetHints":{"allow":["GET"]}}],"collection":[{"href":"https:\/\/radiokfor.com\/2\/wp-json\/wp\/v2\/posts"}],"about":[{"href":"https:\/\/radiokfor.com\/2\/wp-json\/wp\/v2\/types\/post"}],"author":[{"embeddable":true,"href":"https:\/\/radiokfor.com\/2\/wp-json\/wp\/v2\/users\/7"}],"replies":[{"embeddable":true,"href":"https:\/\/radiokfor.com\/2\/wp-json\/wp\/v2\/comments?post=16064"}],"version-history":[{"count":1,"href":"https:\/\/radiokfor.com\/2\/wp-json\/wp\/v2\/posts\/16064\/revisions"}],"predecessor-version":[{"id":16066,"href":"https:\/\/radiokfor.com\/2\/wp-json\/wp\/v2\/posts\/16064\/revisions\/16066"}],"wp:featuredmedia":[{"embeddable":true,"href":"https:\/\/radiokfor.com\/2\/wp-json\/wp\/v2\/media\/16065"}],"wp:attachment":[{"href":"https:\/\/radiokfor.com\/2\/wp-json\/wp\/v2\/media?parent=16064"}],"wp:term":[{"taxonomy":"category","embeddable":true,"href":"https:\/\/radiokfor.com\/2\/wp-json\/wp\/v2\/categories?post=16064"},{"taxonomy":"post_tag","embeddable":true,"href":"https:\/\/radiokfor.com\/2\/wp-json\/wp\/v2\/tags?post=16064"}],"curies":[{"name":"wp","href":"https:\/\/api.w.org\/{rel}","templated":true}]}}