{"id":15969,"date":"2022-04-08T11:37:59","date_gmt":"2022-04-08T11:37:59","guid":{"rendered":"https:\/\/radiokfor.com\/2\/?p=15969"},"modified":"2022-04-08T11:37:59","modified_gmt":"2022-04-08T11:37:59","slug":"medunarodni-dan-roma","status":"publish","type":"post","link":"https:\/\/radiokfor.com\/2\/medunarodni-dan-roma\/","title":{"rendered":"Me\u0111unarodni dan Roma"},"content":{"rendered":"<p>Danas se \u0161irom sveta obele\u017eava Me\u0111unarodni dan Roma, najve\u0107e etni\u010dke manjine u Evropi. Cilj obele\u017eavanja je da se uka\u017ee na probleme sa kojima se Romi danas suo\u010davaju, ali i da se promovi\u0161e njihovo kulturno nasle\u0111e.<br \/>\nBrojna kulturna i sportska de\u0161avanja na prostoru op\u0161tine Gra\u010danica prethodila su ovom danu, a kako ka\u017ee Sunaj Garipi iz organizacije \u201eRomani Iniciativa\u201c danas \u0107e u Domu kulture Gra\u010danica biti intonirana romska himna uz razli\u010dita kulturna de\u0161avanja.<br \/>\nOn podse\u0107a i da se Romi na Kosovu suo\u010davaju sa velikim brojem problema poput lo\u0161eg ekonomsko-socijalnog statusa i ote\u017eane integracije u dru\u0161tvo.<br \/>\nGaripi veruje da \u0107e se ovi problemi re\u0161iti u budu\u0107nosti kroz obrazovanje dece jer prime\u0107uje da sve ve\u0107i broj romske dece ne prekida svoje \u0161kolovanje, kao \u0161to je ranije bio slu\u010daj, ve\u0107 nastavljaju sa usavr\u0161avanjem i \u0161kolovanjem i nakon zavr\u0161ene srednje \u0161kole.<br \/>\nMe\u0111unarodni dan Roma je slu\u017ebeno progla\u0161en 1990. godine u Serocku u Poljskoj, mestu \u010detvrtog Svetskog romskog kongresa Me\u0111unarodne romske unije (IRU).<\/p>\n","protected":false},"excerpt":{"rendered":"<p>Danas se \u0161irom sveta obele\u017eava Me\u0111unarodni dan Roma, najve\u0107e etni\u010dke manjine u Evropi. Cilj obele\u017eavanja je da se uka\u017ee na probleme sa kojima se Romi danas suo\u010davaju, ali i da se promovi\u0161e njihovo kulturno nasle\u0111e. Brojna kulturna i sportska de\u0161avanja na prostoru op\u0161tine Gra\u010danica prethodila su ovom danu, a kako ka\u017ee Sunaj Garipi iz organizacije&hellip;<\/p>\n","protected":false},"author":9,"featured_media":15970,"comment_status":"closed","ping_status":"closed","sticky":false,"template":"","format":"standard","meta":{"footnotes":""},"categories":[2],"tags":[],"class_list":["post-15969","post","type-post","status-publish","format-standard","has-post-thumbnail","hentry","category-news","category-2","description-off"],"_links":{"self":[{"href":"https:\/\/radiokfor.com\/2\/wp-json\/wp\/v2\/posts\/15969","targetHints":{"allow":["GET"]}}],"collection":[{"href":"https:\/\/radiokfor.com\/2\/wp-json\/wp\/v2\/posts"}],"about":[{"href":"https:\/\/radiokfor.com\/2\/wp-json\/wp\/v2\/types\/post"}],"author":[{"embeddable":true,"href":"https:\/\/radiokfor.com\/2\/wp-json\/wp\/v2\/users\/9"}],"replies":[{"embeddable":true,"href":"https:\/\/radiokfor.com\/2\/wp-json\/wp\/v2\/comments?post=15969"}],"version-history":[{"count":1,"href":"https:\/\/radiokfor.com\/2\/wp-json\/wp\/v2\/posts\/15969\/revisions"}],"predecessor-version":[{"id":15971,"href":"https:\/\/radiokfor.com\/2\/wp-json\/wp\/v2\/posts\/15969\/revisions\/15971"}],"wp:featuredmedia":[{"embeddable":true,"href":"https:\/\/radiokfor.com\/2\/wp-json\/wp\/v2\/media\/15970"}],"wp:attachment":[{"href":"https:\/\/radiokfor.com\/2\/wp-json\/wp\/v2\/media?parent=15969"}],"wp:term":[{"taxonomy":"category","embeddable":true,"href":"https:\/\/radiokfor.com\/2\/wp-json\/wp\/v2\/categories?post=15969"},{"taxonomy":"post_tag","embeddable":true,"href":"https:\/\/radiokfor.com\/2\/wp-json\/wp\/v2\/tags?post=15969"}],"curies":[{"name":"wp","href":"https:\/\/api.w.org\/{rel}","templated":true}]}}