{"id":15952,"date":"2022-04-08T07:15:17","date_gmt":"2022-04-08T07:15:17","guid":{"rendered":"https:\/\/radiokfor.com\/2\/?p=15952"},"modified":"2022-04-08T07:21:09","modified_gmt":"2022-04-08T07:21:09","slug":"kfor-obelezio-svetski-dan-zdravlja-raznim-fizickim-aktivnostima","status":"publish","type":"post","link":"https:\/\/radiokfor.com\/2\/kfor-obelezio-svetski-dan-zdravlja-raznim-fizickim-aktivnostima\/","title":{"rendered":"Kfor obele\u017eio Svetski dan zdravlja raznim fizi\u010dkim aktivnostima"},"content":{"rendered":"<p>Zdravlje je stanje potpunog fizi\u010dkog, mentalnog i socijalnog blagostanja, pa za zdrav \u017eivotni ciklus zdravstveni radnici savetuju uravnote\u017eenu ishranu, redovno ve\u017ebanje, dovoljno sna i dobre higijenske navike. 7. aprila se \u0161irom sveta obele\u017eava Svetski dan zdravlja, kako bi se podigla svest o va\u017enosti zdravlja u na\u0161im \u017eivotima. U \u010dast ovog dana, Kfor je organizovao fizi\u010dku aktivnost, kojoj su prisustvovali brojni pripadnici, koji su dan zapo\u010deli raznim fizi\u010dkim ve\u017ebama.<\/p>\n<p>Komandant KFOR-a, general-major Ferenc KAJARI, zahvalio je svima na u\u010de\u0161c\u0301u:<\/p>\n<p>\u201eNadam se da ste u\u017eivali u ovim aktivnostima danas, ve\u017ebama koje smo radili zajedno, kao ujedinjeni tim. Hvala vam \u0161to ste u\u010destvovali, na ovakav dan, na Svetski dan zdravlja. I mi smo se potrudili da ovaj dan obele\u017eimo na ovaj na\u010din, pokazujuc\u0301i da je Kfor tim, a mi radimo i ostajemo zajedno po ki\u0161i ili na suncu.&#8221;<\/p>\n<p>Jedna od organizatora ovog doga\u0111aja, u ulozi trenera, kapetan Greona Kenedi, rekla je:<\/p>\n<p>\u201eDanas smo se okupili da proslavimo Svetski dan zdravlja, promovi\u0161uc\u0301i bolje zdravlje, kroz razli\u010dite fizi\u010dke aktivnosti. Zato smo odlu\u010dili da obele\u017eimo ovaj va\u017ean dan za svakog od nas rade\u0107i fizi\u010dke ve\u017ebe.\u201c<\/p>\n<p>Svetski dan zdravlja je jedna od osam zvani\u010dnih globalnih zdravstvenih kampanja koje obele\u017eava SZO, zajedno sa Svetskim danom borbe protiv tuberkuloze, Svetskom nedeljom imunizacije, Svetskim danom malarije, Svetskim danom bez duvana, AIDS-om, Svetskim danom davalaca krvi i Svetskim danom borbe protiv hepatitisa.<\/p>\n","protected":false},"excerpt":{"rendered":"<p>Zdravlje je stanje potpunog fizi\u010dkog, mentalnog i socijalnog blagostanja, pa za zdrav \u017eivotni ciklus zdravstveni radnici savetuju uravnote\u017eenu ishranu, redovno ve\u017ebanje, dovoljno sna i dobre higijenske navike. 7. aprila se \u0161irom sveta obele\u017eava Svetski dan zdravlja, kako bi se podigla svest o va\u017enosti zdravlja u na\u0161im \u017eivotima. U \u010dast ovog dana, Kfor je organizovao fizi\u010dku&hellip;<\/p>\n","protected":false},"author":11,"featured_media":15953,"comment_status":"closed","ping_status":"closed","sticky":false,"template":"","format":"standard","meta":{"footnotes":""},"categories":[2],"tags":[],"class_list":["post-15952","post","type-post","status-publish","format-standard","has-post-thumbnail","hentry","category-news","category-2","description-off"],"_links":{"self":[{"href":"https:\/\/radiokfor.com\/2\/wp-json\/wp\/v2\/posts\/15952","targetHints":{"allow":["GET"]}}],"collection":[{"href":"https:\/\/radiokfor.com\/2\/wp-json\/wp\/v2\/posts"}],"about":[{"href":"https:\/\/radiokfor.com\/2\/wp-json\/wp\/v2\/types\/post"}],"author":[{"embeddable":true,"href":"https:\/\/radiokfor.com\/2\/wp-json\/wp\/v2\/users\/11"}],"replies":[{"embeddable":true,"href":"https:\/\/radiokfor.com\/2\/wp-json\/wp\/v2\/comments?post=15952"}],"version-history":[{"count":3,"href":"https:\/\/radiokfor.com\/2\/wp-json\/wp\/v2\/posts\/15952\/revisions"}],"predecessor-version":[{"id":15956,"href":"https:\/\/radiokfor.com\/2\/wp-json\/wp\/v2\/posts\/15952\/revisions\/15956"}],"wp:featuredmedia":[{"embeddable":true,"href":"https:\/\/radiokfor.com\/2\/wp-json\/wp\/v2\/media\/15953"}],"wp:attachment":[{"href":"https:\/\/radiokfor.com\/2\/wp-json\/wp\/v2\/media?parent=15952"}],"wp:term":[{"taxonomy":"category","embeddable":true,"href":"https:\/\/radiokfor.com\/2\/wp-json\/wp\/v2\/categories?post=15952"},{"taxonomy":"post_tag","embeddable":true,"href":"https:\/\/radiokfor.com\/2\/wp-json\/wp\/v2\/tags?post=15952"}],"curies":[{"name":"wp","href":"https:\/\/api.w.org\/{rel}","templated":true}]}}