{"id":1574,"date":"2018-04-11T10:30:36","date_gmt":"2018-04-11T10:30:36","guid":{"rendered":"http:\/\/radiokfor.com\/2\/?p=1574"},"modified":"2018-11-30T10:37:44","modified_gmt":"2018-11-30T10:37:44","slug":"ekoloska-akcija-sinergije","status":"publish","type":"post","link":"https:\/\/radiokfor.com\/2\/ekoloska-akcija-sinergije\/","title":{"rendered":"Ekolo\u0161ka akcija &#8220;Sinergije&#8221;"},"content":{"rendered":"<p>Omladinski edukativni klub \u201cSinergija\u201d iz Severne Mitrovice organizuje akciju povodom me\u0111unarodnog Dana planete zemlje. Ekolo\u0161ka akcija planirana je za subotu, 21. april, i po\u010de\u0107e u 11 \u010dasova. Iz Sinergije pozivaju da im se pridru\u017eite. Dan planete Zemlje ili Dan Zemlje\u00a0obele\u017eava se 22. aprila\u00a0u vi\u0161e od 150 zemalja \u0161irom sveta. Namera je da ljude \u0161irom sveta podseti u kakvom je stanju priroda planete na kojoj \u017eive, kao i da se stanovni\u0161tvu uka\u017ee na problem ekosistema, na zaga\u0111enje naseljenih mesta i na to kako pobolj\u0161ati kvalitet \u017eivotne sredine.<\/p>\n<p>Dan planete Zemlje slu\u017ebeno se obele\u017eava od 1992. godine.<\/p>\n<p>Na predlog bolivijske vlade 2009. godine Generalna skup\u0161tina Ujedinjenih nacija je 22. april proglasila me\u0111unarodnim Danom planete Zemlje.<\/p>\n","protected":false},"excerpt":{"rendered":"<p>Omladinski edukativni klub \u201cSinergija\u201d iz Severne Mitrovice organizuje akciju povodom me\u0111unarodnog Dana planete zemlje. Ekolo\u0161ka akcija planirana je za subotu, 21. april, i po\u010de\u0107e u 11 \u010dasova. Iz Sinergije pozivaju da im se pridru\u017eite. Dan planete Zemlje ili Dan Zemlje\u00a0obele\u017eava se 22. aprila\u00a0u vi\u0161e od 150 zemalja \u0161irom sveta. Namera je da ljude \u0161irom sveta&hellip;<\/p>\n","protected":false},"author":2,"featured_media":1587,"comment_status":"open","ping_status":"open","sticky":false,"template":"","format":"standard","meta":{"footnotes":""},"categories":[2],"tags":[585,587,20],"class_list":["post-1574","post","type-post","status-publish","format-standard","has-post-thumbnail","hentry","category-news","tag-ekoloska-akcija","tag-omladinski-edukativni-klub-sinergija","tag-severna-mitrovica","category-2","description-off"],"_links":{"self":[{"href":"https:\/\/radiokfor.com\/2\/wp-json\/wp\/v2\/posts\/1574","targetHints":{"allow":["GET"]}}],"collection":[{"href":"https:\/\/radiokfor.com\/2\/wp-json\/wp\/v2\/posts"}],"about":[{"href":"https:\/\/radiokfor.com\/2\/wp-json\/wp\/v2\/types\/post"}],"author":[{"embeddable":true,"href":"https:\/\/radiokfor.com\/2\/wp-json\/wp\/v2\/users\/2"}],"replies":[{"embeddable":true,"href":"https:\/\/radiokfor.com\/2\/wp-json\/wp\/v2\/comments?post=1574"}],"version-history":[{"count":1,"href":"https:\/\/radiokfor.com\/2\/wp-json\/wp\/v2\/posts\/1574\/revisions"}],"predecessor-version":[{"id":1588,"href":"https:\/\/radiokfor.com\/2\/wp-json\/wp\/v2\/posts\/1574\/revisions\/1588"}],"wp:featuredmedia":[{"embeddable":true,"href":"https:\/\/radiokfor.com\/2\/wp-json\/wp\/v2\/media\/1587"}],"wp:attachment":[{"href":"https:\/\/radiokfor.com\/2\/wp-json\/wp\/v2\/media?parent=1574"}],"wp:term":[{"taxonomy":"category","embeddable":true,"href":"https:\/\/radiokfor.com\/2\/wp-json\/wp\/v2\/categories?post=1574"},{"taxonomy":"post_tag","embeddable":true,"href":"https:\/\/radiokfor.com\/2\/wp-json\/wp\/v2\/tags?post=1574"}],"curies":[{"name":"wp","href":"https:\/\/api.w.org\/{rel}","templated":true}]}}