{"id":15734,"date":"2022-03-21T16:10:31","date_gmt":"2022-03-21T16:10:31","guid":{"rendered":"http:\/\/radiokfor.com\/2\/?p=15734"},"modified":"2022-03-21T16:10:31","modified_gmt":"2022-03-21T16:10:31","slug":"svetski-dan-osoba-sa-daunovim-sindromom","status":"publish","type":"post","link":"https:\/\/radiokfor.com\/2\/svetski-dan-osoba-sa-daunovim-sindromom\/","title":{"rendered":"Svetski dan osoba sa Daunovim sindromom"},"content":{"rendered":"<p>\u0160irom sveta danas se obele\u017eava <strong>Svetski dan osoba sa Daunovim sindromom.<\/strong><\/p>\n<p>Svetski dan osoba sa Daunovim sindromom ustanovljen je 2006. godine, a 21. mart simboli\u010dno je izabran za taj dan jer je u osnovi te bolesti prisutnost 3 umesto 2 hromozoma, na 21. hromozomskom paru.<\/p>\n<p>Daunov sindrom je genetski poreme\u0107aj koji je dobio ime podoktoru D\u017eon Lengdonu Daunu, koji ga je kao posebno stanje otkrio 1866. godine.<br \/>\nSimbol ovog dana su \u0161arene \u010darape, jer ih ove osobe ne mogu upariti.<\/p>\n<p>U proseku se jedno od 650 dece ra\u0111a sa ovim sindromom, a neke od naj\u010de\u0161\u0107ih fizi\u010dkih osobina ovih ljudi su slab mi\u0161i\u0107ni tonus, manji stas, kose o\u010di\u2026<\/p>\n<p>Veoma je va\u017eno ne stvarati stereotipe o osobama koje imaju Daunov sindrom. Osobe sa ovim sindrom karakteri\u0161e topla, jubazna, vesela li\u010dnosti, uprkos stalnim izmenama na njihovim licima.<\/p>\n<p>&nbsp;<\/p>\n","protected":false},"excerpt":{"rendered":"<p>\u0160irom sveta danas se obele\u017eava Svetski dan osoba sa Daunovim sindromom. Svetski dan osoba sa Daunovim sindromom ustanovljen je 2006. godine, a 21. mart simboli\u010dno je izabran za taj dan jer je u osnovi te bolesti prisutnost 3 umesto 2 hromozoma, na 21. hromozomskom paru. Daunov sindrom je genetski poreme\u0107aj koji je dobio ime podoktoru&hellip;<\/p>\n","protected":false},"author":7,"featured_media":15735,"comment_status":"closed","ping_status":"closed","sticky":false,"template":"","format":"standard","meta":{"footnotes":""},"categories":[2],"tags":[],"class_list":["post-15734","post","type-post","status-publish","format-standard","has-post-thumbnail","hentry","category-news","category-2","description-off"],"_links":{"self":[{"href":"https:\/\/radiokfor.com\/2\/wp-json\/wp\/v2\/posts\/15734","targetHints":{"allow":["GET"]}}],"collection":[{"href":"https:\/\/radiokfor.com\/2\/wp-json\/wp\/v2\/posts"}],"about":[{"href":"https:\/\/radiokfor.com\/2\/wp-json\/wp\/v2\/types\/post"}],"author":[{"embeddable":true,"href":"https:\/\/radiokfor.com\/2\/wp-json\/wp\/v2\/users\/7"}],"replies":[{"embeddable":true,"href":"https:\/\/radiokfor.com\/2\/wp-json\/wp\/v2\/comments?post=15734"}],"version-history":[{"count":1,"href":"https:\/\/radiokfor.com\/2\/wp-json\/wp\/v2\/posts\/15734\/revisions"}],"predecessor-version":[{"id":15736,"href":"https:\/\/radiokfor.com\/2\/wp-json\/wp\/v2\/posts\/15734\/revisions\/15736"}],"wp:featuredmedia":[{"embeddable":true,"href":"https:\/\/radiokfor.com\/2\/wp-json\/wp\/v2\/media\/15735"}],"wp:attachment":[{"href":"https:\/\/radiokfor.com\/2\/wp-json\/wp\/v2\/media?parent=15734"}],"wp:term":[{"taxonomy":"category","embeddable":true,"href":"https:\/\/radiokfor.com\/2\/wp-json\/wp\/v2\/categories?post=15734"},{"taxonomy":"post_tag","embeddable":true,"href":"https:\/\/radiokfor.com\/2\/wp-json\/wp\/v2\/tags?post=15734"}],"curies":[{"name":"wp","href":"https:\/\/api.w.org\/{rel}","templated":true}]}}