{"id":15729,"date":"2022-03-21T14:23:46","date_gmt":"2022-03-21T14:23:46","guid":{"rendered":"http:\/\/radiokfor.com\/2\/?p=15729"},"modified":"2022-03-21T14:23:46","modified_gmt":"2022-03-21T14:23:46","slug":"svetski-dan-poezije-2","status":"publish","type":"post","link":"https:\/\/radiokfor.com\/2\/svetski-dan-poezije-2\/","title":{"rendered":"Svetski dan poezije"},"content":{"rendered":"<p><span data-contrast=\"auto\">Svetski dan poezije se obele\u017eava 21. marta kako bi se skrenula pa\u017enja na \u010ditanje, pisanje, objavljivanje i prou\u010davanje poezije \u0161irom sveta.<\/span><span data-ccp-props=\"{&quot;201341983&quot;:0,&quot;335559739&quot;:160,&quot;335559740&quot;:259}\">\u00a0<\/span><\/p>\n<p><span data-contrast=\"auto\">Povodom ovog dana razgovarali smo sa pesnikinjom Milom Mihajlovi\u0107.<\/span><span data-ccp-props=\"{&quot;201341983&quot;:0,&quot;335559739&quot;:160,&quot;335559740&quot;:259}\">\u00a0<\/span><\/p>\n<p><i><span data-contrast=\"auto\">\u201cPoezija nam pruza mogu\u0107nost zadiranja u druge, nama mo\u017eda \u010dak i apsolutno nepoznate dimenzije ljudskog uma, ali i samog univerzuma. Smatraju\u0107i da je poezija najlep\u0161a vrsta ljudske umetni\u010dke ekspresije i artikulacije raznolikih emocija sa kojima se \u010dovek kao socijalno bi\u0107e sa mogu\u0107no\u0161\u0107u gajenja ose\u0107anja susre\u0107e, prioritetno je da budemo upoznati s istom, jer nam ona pru\u017ea mogu\u0107nost spoznaje i realizacije raznolikih psiholo\u0161kih i sentimentalnih motiva. Pored toga, poezija nam svesrdno i nesebi\u010dno pru\u017ea mogu\u0107nost da volimo neznano i da sebi prigrlimo svaki stih u kome prona\u0111emo deli\u0107 sebe, svoje du\u0161e i svog uma. Poezija nam daje \u0161ansu za stvaranje paralelnog, imaginarnog \u017eivota na krilima tu\u0111ih iskustava i iskrenih emocija preto\u010denih u vanvremensku lirsku formu.\u201c<\/span><\/i><span data-ccp-props=\"{&quot;201341983&quot;:0,&quot;335559739&quot;:160,&quot;335559740&quot;:259}\">\u00a0<\/span><\/p>\n<p><span data-contrast=\"auto\">S obzirom da je Mila nedavno objavila knjigu, rekla nam je i ko su joj uzori i \u010diju poeziju obi\u010dno \u010dita.<\/span><span data-ccp-props=\"{&quot;201341983&quot;:0,&quot;335559739&quot;:160,&quot;335559740&quot;:259}\">\u00a0<\/span><\/p>\n<p><i><span data-contrast=\"auto\">\u201cBila bih neiskrena kada bih rekla da se ne trudim da izbegavam formiranje subjektivnih uzora, jer se, u drugu ruku, maksimalno trudim da afirmisem kulturu autenti\u010dnosti i slobode umetni\u010dkog izraza. Ali, pored toga ne poku\u0161avam da sakrijem svoje iznimne simpatije prema stvarala\u0161tvu odre\u0111enih knji\u017eevnika. Ve\u010dni sam zaljubljenik u Rumijevu mistiku, Jesenjinovu elegi\u010dnost, Petrarkin platonski manir i Preverovu zamisao ljubavi.\u201d<\/span><\/i><span data-ccp-props=\"{&quot;201341983&quot;:0,&quot;335559739&quot;:160,&quot;335559740&quot;:259}\">\u00a0<\/span><\/p>\n<p><span data-contrast=\"auto\">Poeziju \u010ditamo i u nju u\u010ditavamo sebe. Ona je slobodna da di\u0161e i \u017eivi kako pesnik ho\u0107e. Ona je subjektivna u mislima i ose\u0107anjima.<\/span><span data-ccp-props=\"{&quot;201341983&quot;:0,&quot;335559739&quot;:160,&quot;335559740&quot;:259}\">\u00a0<\/span><\/p>\n","protected":false},"excerpt":{"rendered":"<p>Svetski dan poezije se obele\u017eava 21. marta kako bi se skrenula pa\u017enja na \u010ditanje, pisanje, objavljivanje i prou\u010davanje poezije \u0161irom sveta.\u00a0 Povodom ovog dana razgovarali smo sa pesnikinjom Milom Mihajlovi\u0107.\u00a0 \u201cPoezija nam pruza mogu\u0107nost zadiranja u druge, nama mo\u017eda \u010dak i apsolutno nepoznate dimenzije ljudskog uma, ali i samog univerzuma. Smatraju\u0107i da je poezija najlep\u0161a&hellip;<\/p>\n","protected":false},"author":10,"featured_media":15731,"comment_status":"closed","ping_status":"closed","sticky":false,"template":"","format":"standard","meta":{"footnotes":""},"categories":[2],"tags":[],"class_list":["post-15729","post","type-post","status-publish","format-standard","has-post-thumbnail","hentry","category-news","category-2","description-off"],"_links":{"self":[{"href":"https:\/\/radiokfor.com\/2\/wp-json\/wp\/v2\/posts\/15729","targetHints":{"allow":["GET"]}}],"collection":[{"href":"https:\/\/radiokfor.com\/2\/wp-json\/wp\/v2\/posts"}],"about":[{"href":"https:\/\/radiokfor.com\/2\/wp-json\/wp\/v2\/types\/post"}],"author":[{"embeddable":true,"href":"https:\/\/radiokfor.com\/2\/wp-json\/wp\/v2\/users\/10"}],"replies":[{"embeddable":true,"href":"https:\/\/radiokfor.com\/2\/wp-json\/wp\/v2\/comments?post=15729"}],"version-history":[{"count":1,"href":"https:\/\/radiokfor.com\/2\/wp-json\/wp\/v2\/posts\/15729\/revisions"}],"predecessor-version":[{"id":15732,"href":"https:\/\/radiokfor.com\/2\/wp-json\/wp\/v2\/posts\/15729\/revisions\/15732"}],"wp:featuredmedia":[{"embeddable":true,"href":"https:\/\/radiokfor.com\/2\/wp-json\/wp\/v2\/media\/15731"}],"wp:attachment":[{"href":"https:\/\/radiokfor.com\/2\/wp-json\/wp\/v2\/media?parent=15729"}],"wp:term":[{"taxonomy":"category","embeddable":true,"href":"https:\/\/radiokfor.com\/2\/wp-json\/wp\/v2\/categories?post=15729"},{"taxonomy":"post_tag","embeddable":true,"href":"https:\/\/radiokfor.com\/2\/wp-json\/wp\/v2\/tags?post=15729"}],"curies":[{"name":"wp","href":"https:\/\/api.w.org\/{rel}","templated":true}]}}