{"id":1569,"date":"2018-02-19T10:27:45","date_gmt":"2018-02-19T10:27:45","guid":{"rendered":"http:\/\/radiokfor.com\/2\/?p=1569"},"modified":"2018-11-30T10:30:54","modified_gmt":"2018-11-30T10:30:54","slug":"ministarstvo-izbavljenja-u-silovu","status":"publish","type":"post","link":"https:\/\/radiokfor.com\/2\/ministarstvo-izbavljenja-u-silovu\/","title":{"rendered":"&#8220;Ministarstvo izbavljenja&#8221; u \u0160ilovu"},"content":{"rendered":"<p>Pozori\u0161nom predstavom \u201eMinistarstvo izbavljenja\u201c, po tekstu Konela Morisona i u re\u017eiji Luize Sanfi, otvara se nova pozori\u0161na sezona u Kulturno-prosvetnom centru \u201eBo\u017eidar Mitrovi\u0107 \u2013 \u0160andor\u201c u \u0160ilovu. O detaljima ove predstave pri\u010dali smo sa glumcem Bojanom Stoj\u010detovi\u0107em.<\/p>\n<p><em>\u201ePa to je vrlo interesantna i tema i predstava. Radi se o par prijatelja, dve porodice zapravo koje su jedna\u00a0<\/em><em>drugoj prodale ku\u0107u, me\u0111utim, kroz\u00a0<\/em><em>neko vreme javljaju se \u010dudni neki zvukovi i neke nenormalne okolnosti gde ovi zapravo misle da je ku\u0107a ukleta, i onda zovu sve\u0161tenika koji bi trebao da obavi tu egzorcizam, da izbaci te neke duhove, \u0111avole i \u0161ta ve\u0107 ima u ku\u0107i. Me\u0111utim tu isplivavaju raznorazni problemi, njihovi li\u010dni i u odnosima i u krizi srednjih godina, tako da je to jedna vrlo slo\u017eena pri\u010da o me\u0111uljudskim odnosima, uop\u0161te o karakterima ljudskim, jedna jako lepa tema, dobra predstava za gledanje\u201c,<\/em>\u00a0ka\u017ee Bojan i napominje da je bilo izuzetno zahtevno o\u017eiveti same likove, do detalja preneti \u0161ta vole, kako hodaju, di\u0161u.<\/p>\n<p><em>\u201eBio je izazov za nas glumce da tako ne\u0161to uradimo zato \u0161to od po\u010detka do kraja svi smo na sceni, i bukvalno likovi se onako grade od po\u010detka do kraja. Nema ono uleti\u0161 u jednoj sceni pa ka\u017ee\u0161 u \u0161to je dobro, bio si dobar u toj sceni, ne, ne ovde zapravo \u017eivi\u0161 celu predstavu, mora da je pre\u017eivi\u0161. U predstavi igramo, ja, Milan Vasi\u0107, Igor Damjanovi\u0107, Milena Jak\u0161i\u0107, Ivana Kova\u0107evi\u0107, nas petoro. Moj lik je Tom to je onako jedan malo sarkasti\u010dan lik koji sve prihvata kao \u0161alu i koji ne veruje u taj egzorcizam i sve vreme podme\u0107e neke klipove, on to ne shvata ozbiljno naravno zato je on prodao tu ku\u0107u i duboko veruje da ta An\u0111ela, koju igra Ivana Kova\u010devi\u0107, samo da bi bila u centru pa\u017enje, da bi se ne\u0161to vrtelo, da sve zbog toga ona to radi. Me\u0111utim, kako prolazi neko vreme shvatamo da nije sve tako jednostavno, shvatamo da je Tom ustvari bio u crkvenoj \u0161koli, da je on pro\u0161ao lose, to je neki li\u010dni njegov problem koji tek na kraju vidimo\u201c,<\/em>\u00a0ka\u017ee Bojan i obja\u0161njava za\u0161to ne bi trebalo propustiti ovu predstavu.<\/p>\n<p><em>\u201e21. u \u0160ilovu igramo, i siguran sam uvek je tamo krcato, ali eto pozvao bih ih da vide ne\u0161to druga\u010dije, uvek smo i\u0161li sa nekim lakim komedijama, ovaj put idemo sa jednom ozbiljnom temom, gde bi ljudi trebalo da razmi\u0161ljaju prosto nakon toga, da ih ne\u0107e ostaviti ravnodu\u0161nim posle ove predstave.\u201c<\/em><\/p>\n","protected":false},"excerpt":{"rendered":"<p>Pozori\u0161nom predstavom \u201eMinistarstvo izbavljenja\u201c, po tekstu Konela Morisona i u re\u017eiji Luize Sanfi, otvara se nova pozori\u0161na sezona u Kulturno-prosvetnom centru \u201eBo\u017eidar Mitrovi\u0107 \u2013 \u0160andor\u201c u \u0160ilovu. O detaljima ove predstave pri\u010dali smo sa glumcem Bojanom Stoj\u010detovi\u0107em. \u201ePa to je vrlo interesantna i tema i predstava. Radi se o par prijatelja, dve porodice zapravo koje&hellip;<\/p>\n","protected":false},"author":2,"featured_media":1571,"comment_status":"open","ping_status":"open","sticky":false,"template":"","format":"standard","meta":{"footnotes":""},"categories":[2],"tags":[161,621],"class_list":["post-1569","post","type-post","status-publish","format-standard","has-post-thumbnail","hentry","category-news","tag-bojan-stojcetovic","tag-ministarstvo-izbavljenja","category-2","description-off"],"_links":{"self":[{"href":"https:\/\/radiokfor.com\/2\/wp-json\/wp\/v2\/posts\/1569","targetHints":{"allow":["GET"]}}],"collection":[{"href":"https:\/\/radiokfor.com\/2\/wp-json\/wp\/v2\/posts"}],"about":[{"href":"https:\/\/radiokfor.com\/2\/wp-json\/wp\/v2\/types\/post"}],"author":[{"embeddable":true,"href":"https:\/\/radiokfor.com\/2\/wp-json\/wp\/v2\/users\/2"}],"replies":[{"embeddable":true,"href":"https:\/\/radiokfor.com\/2\/wp-json\/wp\/v2\/comments?post=1569"}],"version-history":[{"count":1,"href":"https:\/\/radiokfor.com\/2\/wp-json\/wp\/v2\/posts\/1569\/revisions"}],"predecessor-version":[{"id":1576,"href":"https:\/\/radiokfor.com\/2\/wp-json\/wp\/v2\/posts\/1569\/revisions\/1576"}],"wp:featuredmedia":[{"embeddable":true,"href":"https:\/\/radiokfor.com\/2\/wp-json\/wp\/v2\/media\/1571"}],"wp:attachment":[{"href":"https:\/\/radiokfor.com\/2\/wp-json\/wp\/v2\/media?parent=1569"}],"wp:term":[{"taxonomy":"category","embeddable":true,"href":"https:\/\/radiokfor.com\/2\/wp-json\/wp\/v2\/categories?post=1569"},{"taxonomy":"post_tag","embeddable":true,"href":"https:\/\/radiokfor.com\/2\/wp-json\/wp\/v2\/tags?post=1569"}],"curies":[{"name":"wp","href":"https:\/\/api.w.org\/{rel}","templated":true}]}}