{"id":15684,"date":"2022-03-18T09:30:12","date_gmt":"2022-03-18T09:30:12","guid":{"rendered":"http:\/\/radiokfor.com\/2\/?p=15684"},"modified":"2022-03-18T09:30:12","modified_gmt":"2022-03-18T09:30:12","slug":"svetski-dan-spavanja","status":"publish","type":"post","link":"https:\/\/radiokfor.com\/2\/svetski-dan-spavanja\/","title":{"rendered":"Svetski dan spavanja"},"content":{"rendered":"<p>Danas je Svetski dan spavanja. Ovaj nesvakida\u0161nji praznik obele\u017eava se od 2008. godine pod pokroviteljstvom Svetske asocijacije koja se bavi prou\u010davanjem medicinskih aspekata spavanja, sa ciljem podizanja svesti o poremec\u0301ajima spavanja.<\/p>\n<p>Zdrav i kvalitetan san je klju\u010dni preduslov za zdravo i odmorno telo. Produktivnom danu na poslu obavezno prethodi dobar san. Osec\u0301aj sve\u017eine tokom dana u velikoj meri zavisi od kvaliteta sna.<\/p>\n<p>Iako to ve\u0107 verovatno znate, sedam do osam sati je prose\u010dna koli\u010dina sna dovoljna za normalno funkcionisanje odrasle osobe.<\/p>\n<p>Povodom ovog dana izvojili smo neke zanimljive \u010dinjenice o spavanju.<\/p>\n<ul>\n<li>U vec\u0301ini slu\u010dajeva ljudi osec\u0301aju deja vu zbog sna.<\/li>\n<li>\u010covek pamti samo 10% svojih snova.<\/li>\n<li>Ljudi su jedini sisari koji mogu da odla\u017eu spavanje. Zamislite koliko bi sjajno bilo da mo\u017eete da spavate bez obzira na to gde ste i koje je vreme.<\/li>\n<li>Ljudi koji vi\u0161e zara\u0111uju bolje spavaju. Ovo svakako ima smisla. Kad imate vi\u0161e novca i ne razmi\u0161ljate o tome da li \u0107ete imati za sve potrep\u0161tine, definitivno se bolje i mirnije spava.<\/li>\n<\/ul>\n","protected":false},"excerpt":{"rendered":"<p>Danas je Svetski dan spavanja. Ovaj nesvakida\u0161nji praznik obele\u017eava se od 2008. godine pod pokroviteljstvom Svetske asocijacije koja se bavi prou\u010davanjem medicinskih aspekata spavanja, sa ciljem podizanja svesti o poremec\u0301ajima spavanja. Zdrav i kvalitetan san je klju\u010dni preduslov za zdravo i odmorno telo. Produktivnom danu na poslu obavezno prethodi dobar san. Osec\u0301aj sve\u017eine tokom dana&hellip;<\/p>\n","protected":false},"author":10,"featured_media":15685,"comment_status":"closed","ping_status":"closed","sticky":false,"template":"","format":"standard","meta":{"footnotes":""},"categories":[2],"tags":[],"class_list":["post-15684","post","type-post","status-publish","format-standard","has-post-thumbnail","hentry","category-news","category-2","description-off"],"_links":{"self":[{"href":"https:\/\/radiokfor.com\/2\/wp-json\/wp\/v2\/posts\/15684","targetHints":{"allow":["GET"]}}],"collection":[{"href":"https:\/\/radiokfor.com\/2\/wp-json\/wp\/v2\/posts"}],"about":[{"href":"https:\/\/radiokfor.com\/2\/wp-json\/wp\/v2\/types\/post"}],"author":[{"embeddable":true,"href":"https:\/\/radiokfor.com\/2\/wp-json\/wp\/v2\/users\/10"}],"replies":[{"embeddable":true,"href":"https:\/\/radiokfor.com\/2\/wp-json\/wp\/v2\/comments?post=15684"}],"version-history":[{"count":1,"href":"https:\/\/radiokfor.com\/2\/wp-json\/wp\/v2\/posts\/15684\/revisions"}],"predecessor-version":[{"id":15686,"href":"https:\/\/radiokfor.com\/2\/wp-json\/wp\/v2\/posts\/15684\/revisions\/15686"}],"wp:featuredmedia":[{"embeddable":true,"href":"https:\/\/radiokfor.com\/2\/wp-json\/wp\/v2\/media\/15685"}],"wp:attachment":[{"href":"https:\/\/radiokfor.com\/2\/wp-json\/wp\/v2\/media?parent=15684"}],"wp:term":[{"taxonomy":"category","embeddable":true,"href":"https:\/\/radiokfor.com\/2\/wp-json\/wp\/v2\/categories?post=15684"},{"taxonomy":"post_tag","embeddable":true,"href":"https:\/\/radiokfor.com\/2\/wp-json\/wp\/v2\/tags?post=15684"}],"curies":[{"name":"wp","href":"https:\/\/api.w.org\/{rel}","templated":true}]}}