{"id":15677,"date":"2022-03-17T13:43:37","date_gmt":"2022-03-17T13:43:37","guid":{"rendered":"http:\/\/radiokfor.com\/2\/?p=15677"},"modified":"2022-03-17T14:15:55","modified_gmt":"2022-03-17T14:15:55","slug":"dan-svetog-patrika","status":"publish","type":"post","link":"https:\/\/radiokfor.com\/2\/dan-svetog-patrika\/","title":{"rendered":"Dan Svetog Patrika"},"content":{"rendered":"<p>Svake godine, 17. marta veliki deo na\u0161e planete je obojen zeleno, jer se danas u pojedinim delovima sveta slavi <strong>Dan Svetog Patrika<\/strong> (385- 461), za\u0161titnika Irske, in\u017eenjera i ljudi koji se pla\u0161e zmija.<\/p>\n<p>Ova globalna manifestacija najvi\u0161e se proslavlja u Irskoj, \u010diji je Patrik svetac, zatim Sjedinjenim Ameri\u010dkim Dr\u017eavama, a tradicionalno najmasovnija proslava se odr\u017eava u Dablinu.<\/p>\n<p>Detelina, pivo Ginis, muzika i nezaobilazna zelena boja danas povezuju ceo svet, i sve to u \u010dast svetog Patrika.<\/p>\n<p>S obzirom na radost i opu\u0161tanje koji su verni pratioci ovog praznika, a ni koli\u010dine piva koje se tog dana popiju nisu zanemarljive, svako od nas pada u isku\u0161enje da proslavi Dan svetog Patrika, nebitno da li smo iz Irske ili ne.<\/p>\n","protected":false},"excerpt":{"rendered":"<p>Svake godine, 17. marta veliki deo na\u0161e planete je obojen zeleno, jer se danas u pojedinim delovima sveta slavi Dan Svetog Patrika (385- 461), za\u0161titnika Irske, in\u017eenjera i ljudi koji se pla\u0161e zmija. Ova globalna manifestacija najvi\u0161e se proslavlja u Irskoj, \u010diji je Patrik svetac, zatim Sjedinjenim Ameri\u010dkim Dr\u017eavama, a tradicionalno najmasovnija proslava se odr\u017eava&hellip;<\/p>\n","protected":false},"author":7,"featured_media":15680,"comment_status":"closed","ping_status":"closed","sticky":false,"template":"","format":"standard","meta":{"footnotes":""},"categories":[2],"tags":[],"class_list":["post-15677","post","type-post","status-publish","format-standard","has-post-thumbnail","hentry","category-news","category-2","description-off"],"_links":{"self":[{"href":"https:\/\/radiokfor.com\/2\/wp-json\/wp\/v2\/posts\/15677","targetHints":{"allow":["GET"]}}],"collection":[{"href":"https:\/\/radiokfor.com\/2\/wp-json\/wp\/v2\/posts"}],"about":[{"href":"https:\/\/radiokfor.com\/2\/wp-json\/wp\/v2\/types\/post"}],"author":[{"embeddable":true,"href":"https:\/\/radiokfor.com\/2\/wp-json\/wp\/v2\/users\/7"}],"replies":[{"embeddable":true,"href":"https:\/\/radiokfor.com\/2\/wp-json\/wp\/v2\/comments?post=15677"}],"version-history":[{"count":1,"href":"https:\/\/radiokfor.com\/2\/wp-json\/wp\/v2\/posts\/15677\/revisions"}],"predecessor-version":[{"id":15679,"href":"https:\/\/radiokfor.com\/2\/wp-json\/wp\/v2\/posts\/15677\/revisions\/15679"}],"wp:featuredmedia":[{"embeddable":true,"href":"https:\/\/radiokfor.com\/2\/wp-json\/wp\/v2\/media\/15680"}],"wp:attachment":[{"href":"https:\/\/radiokfor.com\/2\/wp-json\/wp\/v2\/media?parent=15677"}],"wp:term":[{"taxonomy":"category","embeddable":true,"href":"https:\/\/radiokfor.com\/2\/wp-json\/wp\/v2\/categories?post=15677"},{"taxonomy":"post_tag","embeddable":true,"href":"https:\/\/radiokfor.com\/2\/wp-json\/wp\/v2\/tags?post=15677"}],"curies":[{"name":"wp","href":"https:\/\/api.w.org\/{rel}","templated":true}]}}