{"id":15674,"date":"2022-03-17T09:44:13","date_gmt":"2022-03-17T09:44:13","guid":{"rendered":"https:\/\/radiokfor.com\/2\/?p=15674"},"modified":"2022-03-17T09:44:13","modified_gmt":"2022-03-17T09:44:13","slug":"dve-godine-od-pocetka-pandemije-koronavirusa","status":"publish","type":"post","link":"https:\/\/radiokfor.com\/2\/dve-godine-od-pocetka-pandemije-koronavirusa\/","title":{"rendered":"Dve godine od po\u010detka pandemije koronavirusa"},"content":{"rendered":"<p>Pro\u0161le su pune dve godine od izbijanja globalne pandemije koronavirusa. Virus CoVID-19, prvi put je indetifikovan u kineskom gradu Vuhanu, brzo se pro\u0161irio \u010ditavom planetom, a Svetska zdravstvena organizacija(<strong>SZO<\/strong>) je u martu 2020. godine proglasila pandemiju ovog virusa na globalnom nivou.<\/p>\n<p>Virus, koji izaziva respiratorne infekcije, izazvao je smrt preko 6 miliona ljudi dok je preko 462 miliona ljudi zara\u017eeno (<strong>Izvor: Svetska zdravstvena organizacija<\/strong>). Globalna zdravstvena kriza je izazvala mnogo problema u oblastima kao \u0161to su ekonomija, trgovina, putovanja i razne druge usluge.<\/p>\n<p>Rad od ku\u0107e je postao praksa, a svi ostali su bili u obavezi da se pridr\u017eavaju strogih medicinskih saveta za borbu protiv kovida. Maske su postale obavezni deo na\u0161e svakodnevnice, a isto va\u017ei i za redovno pranje ruku i kori\u0161\u0107enje razni dezinfekcionih sredstava. Nastupila je nova realnost.<\/p>\n<p>Zahvaljuju\u0107i predanom radu nau\u010dnika relativno brzo su prona\u0111ene vakcine koje se uspe\u0161no bore sa virusom. Danas na tr\u017ei\u0161tu postoji vi\u0161e vakcina protiv CoVID-19 virusa i svaka se, sa velikim uspehom, nosi sa ovim virusom. Prema zvani\u010dnim podacima Svetske zdravstvene organizacije, do 13. marta, dato je preko 10,7 milijardi doza vakcina na globalnom nivou.<\/p>\n<p>Nakon dve godine, globalna pandemija jo\u0161 uvek traje, a iz SZO sti\u017eu umereno optimisti\u010dne najave da bi uskoro moglo da krene sa raspravom o tome kad bi mogao da se proglasi kraj pandemije. Ipak, zvani\u010dnici ove organizacije su i dalje vrlo oprezni po ovom pitanju i ne postoji konkretan datum za tako ne\u0161to.<\/p>\n","protected":false},"excerpt":{"rendered":"<p>Pro\u0161le su pune dve godine od izbijanja globalne pandemije koronavirusa. Virus CoVID-19, prvi put je indetifikovan u kineskom gradu Vuhanu, brzo se pro\u0161irio \u010ditavom planetom, a Svetska zdravstvena organizacija(SZO) je u martu 2020. godine proglasila pandemiju ovog virusa na globalnom nivou. Virus, koji izaziva respiratorne infekcije, izazvao je smrt preko 6 miliona ljudi dok je&hellip;<\/p>\n","protected":false},"author":2,"featured_media":15675,"comment_status":"closed","ping_status":"closed","sticky":false,"template":"","format":"standard","meta":{"footnotes":""},"categories":[2],"tags":[],"class_list":["post-15674","post","type-post","status-publish","format-standard","has-post-thumbnail","hentry","category-news","category-2","description-off"],"_links":{"self":[{"href":"https:\/\/radiokfor.com\/2\/wp-json\/wp\/v2\/posts\/15674","targetHints":{"allow":["GET"]}}],"collection":[{"href":"https:\/\/radiokfor.com\/2\/wp-json\/wp\/v2\/posts"}],"about":[{"href":"https:\/\/radiokfor.com\/2\/wp-json\/wp\/v2\/types\/post"}],"author":[{"embeddable":true,"href":"https:\/\/radiokfor.com\/2\/wp-json\/wp\/v2\/users\/2"}],"replies":[{"embeddable":true,"href":"https:\/\/radiokfor.com\/2\/wp-json\/wp\/v2\/comments?post=15674"}],"version-history":[{"count":1,"href":"https:\/\/radiokfor.com\/2\/wp-json\/wp\/v2\/posts\/15674\/revisions"}],"predecessor-version":[{"id":15676,"href":"https:\/\/radiokfor.com\/2\/wp-json\/wp\/v2\/posts\/15674\/revisions\/15676"}],"wp:featuredmedia":[{"embeddable":true,"href":"https:\/\/radiokfor.com\/2\/wp-json\/wp\/v2\/media\/15675"}],"wp:attachment":[{"href":"https:\/\/radiokfor.com\/2\/wp-json\/wp\/v2\/media?parent=15674"}],"wp:term":[{"taxonomy":"category","embeddable":true,"href":"https:\/\/radiokfor.com\/2\/wp-json\/wp\/v2\/categories?post=15674"},{"taxonomy":"post_tag","embeddable":true,"href":"https:\/\/radiokfor.com\/2\/wp-json\/wp\/v2\/tags?post=15674"}],"curies":[{"name":"wp","href":"https:\/\/api.w.org\/{rel}","templated":true}]}}