{"id":15662,"date":"2022-03-16T12:13:09","date_gmt":"2022-03-16T12:13:09","guid":{"rendered":"http:\/\/radiokfor.com\/2\/?p=15662"},"modified":"2022-03-16T12:13:09","modified_gmt":"2022-03-16T12:13:09","slug":"bez-poskupljenja-struje-u-narednih-godinu-dana","status":"publish","type":"post","link":"https:\/\/radiokfor.com\/2\/bez-poskupljenja-struje-u-narednih-godinu-dana\/","title":{"rendered":"Bez poskupljenja struje u narednih godinu dana"},"content":{"rendered":"<p>Kako bi \u0161to br\u017ee prevazi\u0161li energetsku krizu, racionalno tro\u0161enje elektri\u010dne energije mora postati na\u0161a navika.<\/p>\n<p>Da li \u0107e se cene struje menjati i \u0161ta mo\u017eemo da o\u010dekujemo kada je snadbevanje u pitanju, pitanja su koja brinu sve na Kosovu. <strong>Viktor Bu\u017ealja<\/strong>, potparol KEDS-a poku\u0161ao je da odgovori na njih.<\/p>\n<p>\u201e<em>Situacija je stabilna i trenutno se ne o\u010dekuju restrikcije, ali i dalje imamo energetsku krizu, kao rezultat visokih uvoznih cena. Zato apelujemo na maksimalnu u\u0161tedu elektri\u010dne energije. Na Kosovu se ne o\u010dekuju promene cene struje, bar ne do sledec\u0301e godine<\/em>\u201d, rekao je <strong>Bu\u017ealja<\/strong>.<\/p>\n<p>Podse\u0107amo da su ure\u0111aji koji greju i razhla\u0111uju najve\u0107i potro\u0161a\u010di u na\u0161im doma\u0107instvima zato je va\u017eno da ih kada nisu neophodni ne koristimo.<\/p>\n<p>&nbsp;<\/p>\n","protected":false},"excerpt":{"rendered":"<p>Kako bi \u0161to br\u017ee prevazi\u0161li energetsku krizu, racionalno tro\u0161enje elektri\u010dne energije mora postati na\u0161a navika. Da li \u0107e se cene struje menjati i \u0161ta mo\u017eemo da o\u010dekujemo kada je snadbevanje u pitanju, pitanja su koja brinu sve na Kosovu. Viktor Bu\u017ealja, potparol KEDS-a poku\u0161ao je da odgovori na njih. \u201eSituacija je stabilna i trenutno se&hellip;<\/p>\n","protected":false},"author":9,"featured_media":15663,"comment_status":"closed","ping_status":"closed","sticky":false,"template":"","format":"standard","meta":{"footnotes":""},"categories":[2],"tags":[],"class_list":["post-15662","post","type-post","status-publish","format-standard","has-post-thumbnail","hentry","category-news","category-2","description-off"],"_links":{"self":[{"href":"https:\/\/radiokfor.com\/2\/wp-json\/wp\/v2\/posts\/15662","targetHints":{"allow":["GET"]}}],"collection":[{"href":"https:\/\/radiokfor.com\/2\/wp-json\/wp\/v2\/posts"}],"about":[{"href":"https:\/\/radiokfor.com\/2\/wp-json\/wp\/v2\/types\/post"}],"author":[{"embeddable":true,"href":"https:\/\/radiokfor.com\/2\/wp-json\/wp\/v2\/users\/9"}],"replies":[{"embeddable":true,"href":"https:\/\/radiokfor.com\/2\/wp-json\/wp\/v2\/comments?post=15662"}],"version-history":[{"count":1,"href":"https:\/\/radiokfor.com\/2\/wp-json\/wp\/v2\/posts\/15662\/revisions"}],"predecessor-version":[{"id":15664,"href":"https:\/\/radiokfor.com\/2\/wp-json\/wp\/v2\/posts\/15662\/revisions\/15664"}],"wp:featuredmedia":[{"embeddable":true,"href":"https:\/\/radiokfor.com\/2\/wp-json\/wp\/v2\/media\/15663"}],"wp:attachment":[{"href":"https:\/\/radiokfor.com\/2\/wp-json\/wp\/v2\/media?parent=15662"}],"wp:term":[{"taxonomy":"category","embeddable":true,"href":"https:\/\/radiokfor.com\/2\/wp-json\/wp\/v2\/categories?post=15662"},{"taxonomy":"post_tag","embeddable":true,"href":"https:\/\/radiokfor.com\/2\/wp-json\/wp\/v2\/tags?post=15662"}],"curies":[{"name":"wp","href":"https:\/\/api.w.org\/{rel}","templated":true}]}}