{"id":15570,"date":"2022-03-08T12:19:56","date_gmt":"2022-03-08T12:19:56","guid":{"rendered":"http:\/\/radiokfor.com\/2\/?p=15570"},"modified":"2022-03-08T12:43:19","modified_gmt":"2022-03-08T12:43:19","slug":"osmi-mart-ravnopravnost-kao-najlepsi-poklon","status":"publish","type":"post","link":"https:\/\/radiokfor.com\/2\/osmi-mart-ravnopravnost-kao-najlepsi-poklon\/","title":{"rendered":"Osmi mart: Ravnopravnost kao najlep\u0161i poklon"},"content":{"rendered":"<p>\u0160irom sveta danas se obele\u017eava dan borbe za \u017eenska prava, odnosno dan borbe za ekonomsku, politi\u010dku i socijalnu ravnopravnost \u017eena i mu\u0161karaca. \u201cMi jesmo i majke i supruge i stubovi ku\u0107e, ali smo i mnogo vi\u0161e od toga\u201d, poru\u010duje <strong>Tijana Simi\u0107 LaValley<\/strong> iz <strong>NVO \u201c\u017densko pravo\u201d<\/strong>.<\/p>\n<p>\u017dene su i dalje u nezavidnom polo\u017eaju poru\u010duje Simi\u0107eva i napominje da je diskriminacija mnogo ve\u0107a u zemljama gde je partijarhat duboko ukorenjen.<\/p>\n<p>\u201cMi zakone imamo i na tome se radi u kontinuitetu. Me\u0111utim, na\u0161 mentalitet je takav da mi ne prepoznajemo tu diskriminaciju kao i samo nasilje nad \u017eenama, odnosno mnoge vrste nasilja nad \u017eenama, pa se ti zakoni ne primenjuju u velikoj meri. Ali su\u0161tina svega je da se na tome radi sveobuhvatno, da se radi kroz institucije, da se radi na podizanju svesti kod ljudi, da se radi i u \u0161koli\u201d.<\/p>\n<p>Simi\u0107eva dodaje da je danas dan kada se obele\u017eava sve ono \u0161to je do sada postignuto po pitanju \u017eenskih prava, ali i da se istaknu svi problemi koje i dalje imamo.<\/p>\n<p>\u201cI cve\u0107e i \u010dokolada, sve je to lepo. Ne ka\u017eemo mi da to ne treba da se poklanja. Problem je u tome \u0161to se sve svede samo na to. Nije poenta da se cve\u0107e dobija samo za Osmi mart, \u017eene koje vole cve\u0107e bi trebalo da ga dobijaju i mimo Osmog marta. Poenta je u tome da se prepoznaju potrebe i problemi koji su jedinstveni za \u017eene kao odre\u0111enu grupu i da se na tome radi. Kada za Osmi mart \u00a0dobijemo cve\u0107e zato \u0161to smo majke, supruge ili ne\u010dije devojke, a sutradan smo opet u istoj poziciji, marginalizovane u samom dru\u0161tvu, onda se ta poenta gubi\u201d, obja\u0161njava Simi\u0107eva i napominje da je ravnopravnost najbolji poklon za svaku \u017eenu.<\/p>\n<p><strong>NVO \u201c\u017densko pravo<\/strong>\u201d \u0107e <strong>Me\u0111unarodni dan \u017eena<\/strong> obele\u017eiti u <strong>Kulturnom centru Akvarijus<\/strong> u Severnoj Mitrovici. Doga\u0111aj zakazan za 18 sati je multietni\u010dkog karaktera. Mlade umetnice \u0107e svirati gitaru i flautu i \u010dita\u0107e poeziju i citate poznatih \u017eena.<\/p>\n","protected":false},"excerpt":{"rendered":"<p>\u0160irom sveta danas se obele\u017eava dan borbe za \u017eenska prava, odnosno dan borbe za ekonomsku, politi\u010dku i socijalnu ravnopravnost \u017eena i mu\u0161karaca. \u201cMi jesmo i majke i supruge i stubovi ku\u0107e, ali smo i mnogo vi\u0161e od toga\u201d, poru\u010duje Tijana Simi\u0107 LaValley iz NVO \u201c\u017densko pravo\u201d. \u017dene su i dalje u nezavidnom polo\u017eaju poru\u010duje Simi\u0107eva&hellip;<\/p>\n","protected":false},"author":11,"featured_media":15571,"comment_status":"closed","ping_status":"closed","sticky":false,"template":"","format":"standard","meta":{"footnotes":""},"categories":[2],"tags":[],"class_list":["post-15570","post","type-post","status-publish","format-standard","has-post-thumbnail","hentry","category-news","category-2","description-off"],"_links":{"self":[{"href":"https:\/\/radiokfor.com\/2\/wp-json\/wp\/v2\/posts\/15570","targetHints":{"allow":["GET"]}}],"collection":[{"href":"https:\/\/radiokfor.com\/2\/wp-json\/wp\/v2\/posts"}],"about":[{"href":"https:\/\/radiokfor.com\/2\/wp-json\/wp\/v2\/types\/post"}],"author":[{"embeddable":true,"href":"https:\/\/radiokfor.com\/2\/wp-json\/wp\/v2\/users\/11"}],"replies":[{"embeddable":true,"href":"https:\/\/radiokfor.com\/2\/wp-json\/wp\/v2\/comments?post=15570"}],"version-history":[{"count":3,"href":"https:\/\/radiokfor.com\/2\/wp-json\/wp\/v2\/posts\/15570\/revisions"}],"predecessor-version":[{"id":15574,"href":"https:\/\/radiokfor.com\/2\/wp-json\/wp\/v2\/posts\/15570\/revisions\/15574"}],"wp:featuredmedia":[{"embeddable":true,"href":"https:\/\/radiokfor.com\/2\/wp-json\/wp\/v2\/media\/15571"}],"wp:attachment":[{"href":"https:\/\/radiokfor.com\/2\/wp-json\/wp\/v2\/media?parent=15570"}],"wp:term":[{"taxonomy":"category","embeddable":true,"href":"https:\/\/radiokfor.com\/2\/wp-json\/wp\/v2\/categories?post=15570"},{"taxonomy":"post_tag","embeddable":true,"href":"https:\/\/radiokfor.com\/2\/wp-json\/wp\/v2\/tags?post=15570"}],"curies":[{"name":"wp","href":"https:\/\/api.w.org\/{rel}","templated":true}]}}