{"id":15509,"date":"2022-03-03T09:36:57","date_gmt":"2022-03-03T09:36:57","guid":{"rendered":"http:\/\/radiokfor.com\/2\/?p=15509"},"modified":"2022-03-03T09:36:57","modified_gmt":"2022-03-03T09:36:57","slug":"kfor-organizovao-konferenciju-koja-ima-za-cilj-povecanje-drustvenog-i-ekonomskog-razvoja-na-kosovu","status":"publish","type":"post","link":"https:\/\/radiokfor.com\/2\/kfor-organizovao-konferenciju-koja-ima-za-cilj-povecanje-drustvenog-i-ekonomskog-razvoja-na-kosovu\/","title":{"rendered":"KFOR organizovao konferenciju koja ima za cilj povec\u0301anje dru\u0161tvenog i ekonomskog razvoja na Kosovu"},"content":{"rendered":"<p>U sedi\u0161tu KFOR-a u Pri\u0161tini odr\u017eana je konferencija KFOR\/CIMIC, \u010diji je cilj ja\u010danje odnosa izme\u0111u me\u0111unarodnih organizacija, nevladinih organizacija i KFOR-a, u cilju povec\u0301anja dru\u0161tvenog i ekonomskog razvoja Kosova.<\/p>\n<p>U prisustvu vojnih predstavnika KFOR-a, predstavnika me\u0111unarodnih i lokalnih institucija, konferenciju je otvorio komandant KFOR-a general-major Ferenc KAJARI, na kojoj je istakao: <em>\u201eVeoma je va\u017eno da okupimo civilne i vojne organizacije kako bismo razgovarali o na\u0161im ciljevima i razgovarali o tome \u0161ta mo\u017eemo da uradimo u budu\u0107nosti. Kao \u0161to znate, KFOR je ovde na Kosovu da obezbedi mirno, bezbedno okru\u017eenje i slobodu kretanja, \u0161to uspe\u0161no sprovodi od 1999. Ali, da bi na\u0161e aktivnosti bile uspe\u0161ne, moramo da pratimo situaciju svakodnevno, identifikujemo potrebe stanovni\u0161tva i poma\u017eemo u razvoju razli\u010ditih programa.\u201c<\/em><\/p>\n<p>Konferenciji je prisustvovala i predstavnica NVO \u201eSOS De\u010dija sela Kosovo\u201c g\u0111a Aljbana Zogu, koja je izjavila: <em>\u201eMi smo deo ove konferencije kako bismo uskladili na\u0161e zajedni\u010dke aktivnosti. Va\u017eno je da \u017eivot gra\u0111ana bude bolji, bez obzira na njihovu nacionalnu ili versku pripadnost, a naravno, radom sa svim zajednicama na\u0161 prosperitet c\u0301e biti sigurniji.\u201d<\/em><\/p>\n<p>Saradnjom KFOR-a bio je zadovoljan i predstavnik NVO \u201ePodr\u017ei me\u201c Milo\u0161 Vu\u010dinic\u0301, koji podr\u017eava roditelje sa decom sa smetnjama u razvoju, koji je ovom prilikom istakao: <em>\u201e\u017delimo da nastavimo saradnju sa KFOR-om. Trenutno, imamo neke idejne projekte koje \u0107emo unaprediti i predati KFOR-u i nadamo se uspe\u0161noj saradnji i u buduc\u0301nosti.\u201d<\/em><\/p>\n<p>Na kraju konferencije, Radio KFOR je dobio poruku od \u0161efa CIMIC-a u KFOR-u Jarma Holopainena, posvec\u0301enu mladima koji \u017eive na Kosovu: <em>\u201eMoja poruka je: budite prijateljski nastrojeni jedni prema drugima i poku\u0161ajte da pobolj\u0161ate i stvorite bolju buduc\u0301nost za Kosovo!\u201c<\/em><\/p>\n<p>KFOR c\u0301e nastaviti da podr\u017eava razvoj stabilnog i mirnog Kosova kroz CIMIC projekte i donacije, i podr\u017eac\u0301e sve inicijative koje mogu da obezbede bezbedno i sigurno okru\u017eenje za sve koji \u017eive na Kosovu.<\/p>\n","protected":false},"excerpt":{"rendered":"<p>U sedi\u0161tu KFOR-a u Pri\u0161tini odr\u017eana je konferencija KFOR\/CIMIC, \u010diji je cilj ja\u010danje odnosa izme\u0111u me\u0111unarodnih organizacija, nevladinih organizacija i KFOR-a, u cilju povec\u0301anja dru\u0161tvenog i ekonomskog razvoja Kosova. U prisustvu vojnih predstavnika KFOR-a, predstavnika me\u0111unarodnih i lokalnih institucija, konferenciju je otvorio komandant KFOR-a general-major Ferenc KAJARI, na kojoj je istakao: \u201eVeoma je va\u017eno da&hellip;<\/p>\n","protected":false},"author":11,"featured_media":15510,"comment_status":"closed","ping_status":"closed","sticky":false,"template":"","format":"standard","meta":{"footnotes":""},"categories":[2],"tags":[],"class_list":["post-15509","post","type-post","status-publish","format-standard","has-post-thumbnail","hentry","category-news","category-2","description-off"],"_links":{"self":[{"href":"https:\/\/radiokfor.com\/2\/wp-json\/wp\/v2\/posts\/15509","targetHints":{"allow":["GET"]}}],"collection":[{"href":"https:\/\/radiokfor.com\/2\/wp-json\/wp\/v2\/posts"}],"about":[{"href":"https:\/\/radiokfor.com\/2\/wp-json\/wp\/v2\/types\/post"}],"author":[{"embeddable":true,"href":"https:\/\/radiokfor.com\/2\/wp-json\/wp\/v2\/users\/11"}],"replies":[{"embeddable":true,"href":"https:\/\/radiokfor.com\/2\/wp-json\/wp\/v2\/comments?post=15509"}],"version-history":[{"count":1,"href":"https:\/\/radiokfor.com\/2\/wp-json\/wp\/v2\/posts\/15509\/revisions"}],"predecessor-version":[{"id":15511,"href":"https:\/\/radiokfor.com\/2\/wp-json\/wp\/v2\/posts\/15509\/revisions\/15511"}],"wp:featuredmedia":[{"embeddable":true,"href":"https:\/\/radiokfor.com\/2\/wp-json\/wp\/v2\/media\/15510"}],"wp:attachment":[{"href":"https:\/\/radiokfor.com\/2\/wp-json\/wp\/v2\/media?parent=15509"}],"wp:term":[{"taxonomy":"category","embeddable":true,"href":"https:\/\/radiokfor.com\/2\/wp-json\/wp\/v2\/categories?post=15509"},{"taxonomy":"post_tag","embeddable":true,"href":"https:\/\/radiokfor.com\/2\/wp-json\/wp\/v2\/tags?post=15509"}],"curies":[{"name":"wp","href":"https:\/\/api.w.org\/{rel}","templated":true}]}}