{"id":15184,"date":"2022-02-04T11:32:33","date_gmt":"2022-02-04T11:32:33","guid":{"rendered":"https:\/\/radiokfor.com\/2\/?p=15184"},"modified":"2022-02-04T11:32:33","modified_gmt":"2022-02-04T11:32:33","slug":"svetski-dan-borbe-protiv-raka-3","status":"publish","type":"post","link":"https:\/\/radiokfor.com\/2\/svetski-dan-borbe-protiv-raka-3\/","title":{"rendered":"Svetski dan borbe protiv raka"},"content":{"rendered":"<p>Po\u010dev od 2000. godine, svakog 4. februara se obele\u017eava Svetski dan borbe protiv raka. Ove godine, zapo\u010dinje nova trogodi\u0161nja kampanja u borbi protiv malignih oboljenja pod nazivom \u201e<a href=\"https:\/\/www.worldcancerday.org\/about\/2022-2024-world-cancer-day-campaign\">Close the care gap<\/a>\u201c.<\/p>\n<p>Prva godina ove kampanje odnosi se na razumevanje i prepoznavanje nejednakosti u le\u010denju raka \u0161irom sveta. Nejednakost u le\u010denju raka ko\u0161ta \u017eivote. Ljudi koji tra\u017ee negu od raka nailaze na prepreke na svakom koraku.<\/p>\n<p>Na ovu temu, razgovarali smo sa doktorkom Milenom Popovi\u0107-Stankovi\u0107.<\/p>\n<p><em>\u201eRazli\u010dita maligna oboljenja su svake godine sve \u010de\u0161\u0107a i sve vi\u0161e ljudi razli\u010ditih dobi se suo\u010dava sa njima. Podaci pokazuju da je \u010dak 35 odsto ovakvih oboljenja povezano sa ishranom, pa je klju\u010dno da se \u0161to zdravije hranimo i na taj na\u010din, preventivno, spre\u010dimo pojavu raka. Veoma je va\u017eno informisati se o mogu\u0107nostima prevencije i blagovremenog otkrivanja raka, kao i o mogu\u0107nostima le\u010denja.\u201c<\/em><\/p>\n<p>Svetski dan borbe protiv raka je me\u0111unarodni dan koji se obele\u017eava u cilju podizanja svesti o raku i podsticanja njegove prevencije, otkrivanja i le\u010denja.<\/p>\n","protected":false},"excerpt":{"rendered":"<p>Po\u010dev od 2000. godine, svakog 4. februara se obele\u017eava Svetski dan borbe protiv raka. Ove godine, zapo\u010dinje nova trogodi\u0161nja kampanja u borbi protiv malignih oboljenja pod nazivom \u201eClose the care gap\u201c. Prva godina ove kampanje odnosi se na razumevanje i prepoznavanje nejednakosti u le\u010denju raka \u0161irom sveta. Nejednakost u le\u010denju raka ko\u0161ta \u017eivote. Ljudi koji&hellip;<\/p>\n","protected":false},"author":2,"featured_media":15185,"comment_status":"closed","ping_status":"closed","sticky":false,"template":"","format":"standard","meta":{"footnotes":""},"categories":[2],"tags":[],"class_list":["post-15184","post","type-post","status-publish","format-standard","has-post-thumbnail","hentry","category-news","category-2","description-off"],"_links":{"self":[{"href":"https:\/\/radiokfor.com\/2\/wp-json\/wp\/v2\/posts\/15184","targetHints":{"allow":["GET"]}}],"collection":[{"href":"https:\/\/radiokfor.com\/2\/wp-json\/wp\/v2\/posts"}],"about":[{"href":"https:\/\/radiokfor.com\/2\/wp-json\/wp\/v2\/types\/post"}],"author":[{"embeddable":true,"href":"https:\/\/radiokfor.com\/2\/wp-json\/wp\/v2\/users\/2"}],"replies":[{"embeddable":true,"href":"https:\/\/radiokfor.com\/2\/wp-json\/wp\/v2\/comments?post=15184"}],"version-history":[{"count":1,"href":"https:\/\/radiokfor.com\/2\/wp-json\/wp\/v2\/posts\/15184\/revisions"}],"predecessor-version":[{"id":15186,"href":"https:\/\/radiokfor.com\/2\/wp-json\/wp\/v2\/posts\/15184\/revisions\/15186"}],"wp:featuredmedia":[{"embeddable":true,"href":"https:\/\/radiokfor.com\/2\/wp-json\/wp\/v2\/media\/15185"}],"wp:attachment":[{"href":"https:\/\/radiokfor.com\/2\/wp-json\/wp\/v2\/media?parent=15184"}],"wp:term":[{"taxonomy":"category","embeddable":true,"href":"https:\/\/radiokfor.com\/2\/wp-json\/wp\/v2\/categories?post=15184"},{"taxonomy":"post_tag","embeddable":true,"href":"https:\/\/radiokfor.com\/2\/wp-json\/wp\/v2\/tags?post=15184"}],"curies":[{"name":"wp","href":"https:\/\/api.w.org\/{rel}","templated":true}]}}