{"id":15179,"date":"2022-02-04T09:45:38","date_gmt":"2022-02-04T09:45:38","guid":{"rendered":"http:\/\/radiokfor.com\/2\/?p=15179"},"modified":"2022-02-04T20:58:33","modified_gmt":"2022-02-04T20:58:33","slug":"trenuta-situacija-sa-koronavirusom-u-skolama","status":"publish","type":"post","link":"https:\/\/radiokfor.com\/2\/trenuta-situacija-sa-koronavirusom-u-skolama\/","title":{"rendered":"Trenutna situacija sa koronavirusom u \u0161kolama"},"content":{"rendered":"<p>Trenutna situacija sa virusom Covid 19 u \u0161kolama je stabilna. Nastavni kadar i u\u010denici se pridr\u017eavaju propisanih mera i no\u0161enja za\u0161titnih maski. Nastava se odvija na neposredan na\u010din u u\u010dionici, dok su vi\u0161i razredi na kombinovanoj nastavi. Pravila o fizi\u010dkoj distanci se po\u0161tuju.<\/p>\n<p>Prema re\u010dima direktora osnovne \u0161kole \u201cMiladin Miti\u0107\u201d u Lapljem Selu, Ljubi\u0161e Karad\u017ei\u0107a, mali je broj dece i nastavnika sa infekcijom Covid 19.<\/p>\n<p>\u201c<em>Trenutna situacija u \u0161koli je stabilna. Imamo potvr\u0111ene slu\u010dajeve korone i kod nastavnika i kod u\u010denika. Taj broj je za sada mali. \u0160to se ti\u010de nastave ni\u017ei razredi su svi u \u0161kolske klupe, a vi\u0161i razredi su na kombinovanoj nastavi. Jedan dan su u \u0161koli, drugi dan online.\u201d<\/em><\/p>\n<p>Karad\u017ei\u0107 napominje da ukoliko se desi da u grupi ima vi\u0161e od troje zara\u017eenih u\u010denika, cela grupa prelazi na online nastavu.<\/p>\n","protected":false},"excerpt":{"rendered":"<p>Trenutna situacija sa virusom Covid 19 u \u0161kolama je stabilna. Nastavni kadar i u\u010denici se pridr\u017eavaju propisanih mera i no\u0161enja za\u0161titnih maski. Nastava se odvija na neposredan na\u010din u u\u010dionici, dok su vi\u0161i razredi na kombinovanoj nastavi. Pravila o fizi\u010dkoj distanci se po\u0161tuju. Prema re\u010dima direktora osnovne \u0161kole \u201cMiladin Miti\u0107\u201d u Lapljem Selu, Ljubi\u0161e Karad\u017ei\u0107a,&hellip;<\/p>\n","protected":false},"author":10,"featured_media":15180,"comment_status":"closed","ping_status":"closed","sticky":false,"template":"","format":"standard","meta":{"footnotes":""},"categories":[2],"tags":[],"class_list":["post-15179","post","type-post","status-publish","format-standard","has-post-thumbnail","hentry","category-news","category-2","description-off"],"_links":{"self":[{"href":"https:\/\/radiokfor.com\/2\/wp-json\/wp\/v2\/posts\/15179","targetHints":{"allow":["GET"]}}],"collection":[{"href":"https:\/\/radiokfor.com\/2\/wp-json\/wp\/v2\/posts"}],"about":[{"href":"https:\/\/radiokfor.com\/2\/wp-json\/wp\/v2\/types\/post"}],"author":[{"embeddable":true,"href":"https:\/\/radiokfor.com\/2\/wp-json\/wp\/v2\/users\/10"}],"replies":[{"embeddable":true,"href":"https:\/\/radiokfor.com\/2\/wp-json\/wp\/v2\/comments?post=15179"}],"version-history":[{"count":4,"href":"https:\/\/radiokfor.com\/2\/wp-json\/wp\/v2\/posts\/15179\/revisions"}],"predecessor-version":[{"id":15197,"href":"https:\/\/radiokfor.com\/2\/wp-json\/wp\/v2\/posts\/15179\/revisions\/15197"}],"wp:featuredmedia":[{"embeddable":true,"href":"https:\/\/radiokfor.com\/2\/wp-json\/wp\/v2\/media\/15180"}],"wp:attachment":[{"href":"https:\/\/radiokfor.com\/2\/wp-json\/wp\/v2\/media?parent=15179"}],"wp:term":[{"taxonomy":"category","embeddable":true,"href":"https:\/\/radiokfor.com\/2\/wp-json\/wp\/v2\/categories?post=15179"},{"taxonomy":"post_tag","embeddable":true,"href":"https:\/\/radiokfor.com\/2\/wp-json\/wp\/v2\/tags?post=15179"}],"curies":[{"name":"wp","href":"https:\/\/api.w.org\/{rel}","templated":true}]}}