{"id":15158,"date":"2022-02-04T00:00:57","date_gmt":"2022-02-04T00:00:57","guid":{"rendered":"http:\/\/radiokfor.com\/2\/?p=15158"},"modified":"2022-02-02T11:53:21","modified_gmt":"2022-02-02T11:53:21","slug":"ucimo-decu-da-stede-struju","status":"publish","type":"post","link":"https:\/\/radiokfor.com\/2\/ucimo-decu-da-stede-struju\/","title":{"rendered":"U\u010dimo decu da \u0161tede struju"},"content":{"rendered":"<p>Klimatske promene naru\u0161avaju \u017eivot na zemlji pa je svet ujedinjen u akcijama o\u010duvanja prirodnih resursa i racionalne potro\u0161nje energije. Najva\u017enije je edukovati decu kako bi stekla navike da \u0161tede struju i \u010duvaju \u017eivotnu sredinu.<\/p>\n<p><em>\u201eU sklopu \u010dasa, po\u0161to je predmet takav da u\u010dimo i o elektri\u010dnoj energiji, posvetim malo vremena da u\u010denicima skrenem pa\u017enju da je u interesu svih nas da \u0161tedimo elektri\u010dnu energiju kad god smo u mogu\u0107nosti.\u00a0 \u010casovi u na\u0161oj \u0161koli po\u010dinju veoma rano, za vreme mraka, ipak kada se razdani, \u010desto se de\u0161ava da svetlo ostane upaljeno. U tim trenucima napomenem da ne zaborave da ugase svetlo kad god nema potrebe za njim i da \u0161tede elektri\u010dnu energiju\u201c<\/em>, ka\u017ee profesorka fizike Sanja Milosavljevi\u0107, isti\u010du\u0107i da postoje i drugi na\u010dini u\u0161tede elektri\u010dne energije, o kojima svakodnevno treba voditi ra\u010duna.<\/p>\n<p><em>\u201eTako\u0111e je pogre\u0161no i ostavljanje punja\u010da u uti\u010dnici nakon \u0161to je telefon napunjen. Na taj na\u010din se tro\u0161i elektri\u010dna energija. Tako\u0111e, izme\u0111u ra\u010dunara i laptopa uvek treba izabrati laptop jer koristi manje energije. Sve u svemu, kada se oslobodimo lo\u0161ih navika, sigurno \u0107emo u\u0161tedeti elektri\u010dnu energiju\u201c<\/em>, zaklju\u010duje Milosavljevi\u0107eva.<\/p>\n","protected":false},"excerpt":{"rendered":"<p>Klimatske promene naru\u0161avaju \u017eivot na zemlji pa je svet ujedinjen u akcijama o\u010duvanja prirodnih resursa i racionalne potro\u0161nje energije. Najva\u017enije je edukovati decu kako bi stekla navike da \u0161tede struju i \u010duvaju \u017eivotnu sredinu. \u201eU sklopu \u010dasa, po\u0161to je predmet takav da u\u010dimo i o elektri\u010dnoj energiji, posvetim malo vremena da u\u010denicima skrenem pa\u017enju da&hellip;<\/p>\n","protected":false},"author":11,"featured_media":14960,"comment_status":"closed","ping_status":"closed","sticky":false,"template":"","format":"standard","meta":{"footnotes":""},"categories":[2],"tags":[],"class_list":["post-15158","post","type-post","status-publish","format-standard","has-post-thumbnail","hentry","category-news","category-2","description-off"],"_links":{"self":[{"href":"https:\/\/radiokfor.com\/2\/wp-json\/wp\/v2\/posts\/15158","targetHints":{"allow":["GET"]}}],"collection":[{"href":"https:\/\/radiokfor.com\/2\/wp-json\/wp\/v2\/posts"}],"about":[{"href":"https:\/\/radiokfor.com\/2\/wp-json\/wp\/v2\/types\/post"}],"author":[{"embeddable":true,"href":"https:\/\/radiokfor.com\/2\/wp-json\/wp\/v2\/users\/11"}],"replies":[{"embeddable":true,"href":"https:\/\/radiokfor.com\/2\/wp-json\/wp\/v2\/comments?post=15158"}],"version-history":[{"count":1,"href":"https:\/\/radiokfor.com\/2\/wp-json\/wp\/v2\/posts\/15158\/revisions"}],"predecessor-version":[{"id":15159,"href":"https:\/\/radiokfor.com\/2\/wp-json\/wp\/v2\/posts\/15158\/revisions\/15159"}],"wp:featuredmedia":[{"embeddable":true,"href":"https:\/\/radiokfor.com\/2\/wp-json\/wp\/v2\/media\/14960"}],"wp:attachment":[{"href":"https:\/\/radiokfor.com\/2\/wp-json\/wp\/v2\/media?parent=15158"}],"wp:term":[{"taxonomy":"category","embeddable":true,"href":"https:\/\/radiokfor.com\/2\/wp-json\/wp\/v2\/categories?post=15158"},{"taxonomy":"post_tag","embeddable":true,"href":"https:\/\/radiokfor.com\/2\/wp-json\/wp\/v2\/tags?post=15158"}],"curies":[{"name":"wp","href":"https:\/\/api.w.org\/{rel}","templated":true}]}}