{"id":15121,"date":"2022-02-02T00:56:04","date_gmt":"2022-02-02T00:56:04","guid":{"rendered":"http:\/\/radiokfor.com\/2\/?p=15121"},"modified":"2022-02-01T14:58:38","modified_gmt":"2022-02-01T14:58:38","slug":"vakcinisite-se-zastitite-sebe-i-ljude-koji-vas-okruzuju","status":"publish","type":"post","link":"https:\/\/radiokfor.com\/2\/vakcinisite-se-zastitite-sebe-i-ljude-koji-vas-okruzuju\/","title":{"rendered":"Vakcini\u0161ite se, za\u0161titite sebe i ljude koji vas okru\u017euju"},"content":{"rendered":"<p>Bez obzira na vrstu vakcine koju ste prethodno primili, sve vi\u0161e medicinskih stru\u010dnjaka apeluje na primanje tre\u0107e, odnosno buster doze. Tre\u0107u dozu mogu da prime svi oni kod kojih je od davanja druge doze pro\u0161lo najmanje \u0161est meseci.<\/p>\n<p>Pitali smo na\u0161e sugra\u0111ane kakvo mi\u0161ljenje imaju o buster dozi.<\/p>\n<p><em>\u201eNedavno sam primio tre\u0107u dozu vakcine. Nisam imao nikakvih ne\u017eeljenih efekata. Smatram da nas vakcina \u0161titi od virusa Covid 19 i preporu\u010dio bih svima da prime i tre\u0107u dozu\u201d, <\/em>rekao je Bojan iz Lapljeg Sela.<\/p>\n<p>Sli\u010dno mi\u0161ljenje ima i Zorica iz Gra\u010danice, koja smatra da se jedino vakcinom mo\u017eemo za\u0161titi od virusa.<\/p>\n<p><em>\u201eNisam imala dileme da li da primim i tre\u0107u dozu. S obrzirom da do sada nisam imala Covid, smatram da vakcina deluje i da \u0107emo tako br\u017ee pobediti ovu pandemiju\u201d.<\/em><\/p>\n<p>Po pitanju tre\u0107e doze, va\u017ena je uloga izabranog lekara ili specijaliste, iako je preporu\u010dena i najosetljivijim osobama sa naru\u0161enim imunitetom, ili onima sa hroni\u010dnim bolestima.<\/p>\n<p><em>\u201eVakcinisana sam i revakcinisana vakcinom protiv virusa Covid 19. Zbog nekih prate\u0107ih zdravstvenih problema i prema savetu lekara za sada sam odlo\u017eila primanje tre\u0107e doze, ali \u0107u je svakako primiti, jer smatram da vakcina daje pozitivne rezultate\u201d,<\/em> rekla je An\u0111ela iz Mitrovice.<\/p>\n<p>Pored vakcinacije, mere kao \u0161to su rastojanje, pranje ruku i no\u0161enje maske u zatvorenom prostoru gde ima vi\u0161e ljudi treba da se po\u0161tuju i dalje. Za\u0161titite sebe i ljude koji vas okru\u017euju.<\/p>\n","protected":false},"excerpt":{"rendered":"<p>Bez obzira na vrstu vakcine koju ste prethodno primili, sve vi\u0161e medicinskih stru\u010dnjaka apeluje na primanje tre\u0107e, odnosno buster doze. Tre\u0107u dozu mogu da prime svi oni kod kojih je od davanja druge doze pro\u0161lo najmanje \u0161est meseci. Pitali smo na\u0161e sugra\u0111ane kakvo mi\u0161ljenje imaju o buster dozi. \u201eNedavno sam primio tre\u0107u dozu vakcine. Nisam&hellip;<\/p>\n","protected":false},"author":10,"featured_media":14180,"comment_status":"closed","ping_status":"closed","sticky":false,"template":"","format":"standard","meta":{"footnotes":""},"categories":[2],"tags":[],"class_list":["post-15121","post","type-post","status-publish","format-standard","has-post-thumbnail","hentry","category-news","category-2","description-off"],"_links":{"self":[{"href":"https:\/\/radiokfor.com\/2\/wp-json\/wp\/v2\/posts\/15121","targetHints":{"allow":["GET"]}}],"collection":[{"href":"https:\/\/radiokfor.com\/2\/wp-json\/wp\/v2\/posts"}],"about":[{"href":"https:\/\/radiokfor.com\/2\/wp-json\/wp\/v2\/types\/post"}],"author":[{"embeddable":true,"href":"https:\/\/radiokfor.com\/2\/wp-json\/wp\/v2\/users\/10"}],"replies":[{"embeddable":true,"href":"https:\/\/radiokfor.com\/2\/wp-json\/wp\/v2\/comments?post=15121"}],"version-history":[{"count":1,"href":"https:\/\/radiokfor.com\/2\/wp-json\/wp\/v2\/posts\/15121\/revisions"}],"predecessor-version":[{"id":15122,"href":"https:\/\/radiokfor.com\/2\/wp-json\/wp\/v2\/posts\/15121\/revisions\/15122"}],"wp:featuredmedia":[{"embeddable":true,"href":"https:\/\/radiokfor.com\/2\/wp-json\/wp\/v2\/media\/14180"}],"wp:attachment":[{"href":"https:\/\/radiokfor.com\/2\/wp-json\/wp\/v2\/media?parent=15121"}],"wp:term":[{"taxonomy":"category","embeddable":true,"href":"https:\/\/radiokfor.com\/2\/wp-json\/wp\/v2\/categories?post=15121"},{"taxonomy":"post_tag","embeddable":true,"href":"https:\/\/radiokfor.com\/2\/wp-json\/wp\/v2\/tags?post=15121"}],"curies":[{"name":"wp","href":"https:\/\/api.w.org\/{rel}","templated":true}]}}