{"id":1492,"date":"2018-03-01T09:39:46","date_gmt":"2018-03-01T09:39:46","guid":{"rendered":"http:\/\/radiokfor.com\/2\/?p=1492"},"modified":"2018-11-30T09:41:54","modified_gmt":"2018-11-30T09:41:54","slug":"predstava-elza-i-zaledeni-hans","status":"publish","type":"post","link":"https:\/\/radiokfor.com\/2\/predstava-elza-i-zaledeni-hans\/","title":{"rendered":"Predstava &#8220;Elza i zale\u0111eni Hans&#8221;"},"content":{"rendered":"<p>U organizaciji \u041aulturnog centra \u201dDragica \u017darkovi\u0107\u201d\u00a0 2. marta 2018. godine\u00a0 bi\u0107e izvedena predstava &#8220;Elza i zale\u0111eni Hans&#8221;\u00a0po motivima crtanog filma &#8220;Zale\u0111eno kraljevstvo.&#8221; Predstava\u00a0 \u0107e biti odigrana \u00a0u dva termina od 11h i od 12:30h. Direktor kulturnog centra Miodrag Radomirovi\u0107 za KFOR radio ka\u017ee da je predstava \u201cElza i zale\u0111eni Hans\u201d predvi\u0111ena planom i programom rada kulturnog centra Dragica \u017darkovi\u0107 za 2018 godinu.<\/p>\n<p><em>\u201c<\/em><em>Predstava \u201cElza i zale\u0111eni Hans\u201d uklapa se u sve na\u0161e programske aktivnosti, posebno ovaj deo koji je predvi\u0111en najmla\u0111ima. Trudimo se da de\u010dijim predstavama bar jednom mese\u010dno damo priliku \u0161kolskoj deci da u\u017eivaju u divnim komadima koje \u0107e ih nasmejati i njihov \u017eivot u\u010diniti lep\u0161im\u201d.<\/em><\/p>\n<p>Radomirovi\u0107 isti\u010de da su se ovoga puta odlu\u010dili za ovu predstavu koja je ra\u0111ena po Ardesenovoj bajci i radnja se odvija u gradu Arendelandu.<\/p>\n<p><em>\u201cPrinceza Elza poseduje posebnu natprirodnu mo\u0107 da sve \u0161to po\u017eeli pretvori u led, i zbog toga mora stalno da nosi rukavice. Njena mla\u0111a sestra princeza Ana, optimista, poku\u0161ava da na svaki na\u010din pomogne svojoj sestri da proklestvo prestane i da Elza kona\u010dno mo\u017ee da skine rukavice. Sa druge strane, u komadu &#8220;Elza i zale\u0111eni Hans&#8221; za princezu Anu bore se svim snagama princ Hans i Kristof, skromni prodavac leda. Izboriti se za pravu ljubav, nimalo ne\u0107e biti lako\u201d.<\/em><\/p>\n<p>Kao nezaobilazni dodatak ove pri\u010de, urnebesno sme\u0161ni sne\u0161ko Olaf publici \u0107e do\u010darati i predstaviti sve likove na dvoru, i nasmejati nas do suza.<\/p>\n<p>Pobeda dobrog nad zlim, razvijanje timskog duha i snaga sestrinske ljubavi glavne su poruke koje ova predstava ostavlja za sobom.<\/p>\n<p>U predstavi igraju, Jovana Petronijevi\u0107, Nina Grahovac, Jovan Ljubenovi\u0107 \u00a0i Sa\u0161a \u0110ura\u0161evi\u0107.<\/p>\n","protected":false},"excerpt":{"rendered":"<p>U organizaciji \u041aulturnog centra \u201dDragica \u017darkovi\u0107\u201d\u00a0 2. marta 2018. godine\u00a0 bi\u0107e izvedena predstava &#8220;Elza i zale\u0111eni Hans&#8221;\u00a0po motivima crtanog filma &#8220;Zale\u0111eno kraljevstvo.&#8221; Predstava\u00a0 \u0107e biti odigrana \u00a0u dva termina od 11h i od 12:30h. Direktor kulturnog centra Miodrag Radomirovi\u0107 za KFOR radio ka\u017ee da je predstava \u201cElza i zale\u0111eni Hans\u201d predvi\u0111ena planom i programom rada&hellip;<\/p>\n","protected":false},"author":2,"featured_media":1495,"comment_status":"open","ping_status":"open","sticky":false,"template":"","format":"standard","meta":{"footnotes":""},"categories":[2],"tags":[595,596],"class_list":["post-1492","post","type-post","status-publish","format-standard","has-post-thumbnail","hentry","category-news","tag-predstava-elza-i-zaledeni-hans","tag-ulturni-centar-dragica-zarkovic","category-2","description-off"],"_links":{"self":[{"href":"https:\/\/radiokfor.com\/2\/wp-json\/wp\/v2\/posts\/1492","targetHints":{"allow":["GET"]}}],"collection":[{"href":"https:\/\/radiokfor.com\/2\/wp-json\/wp\/v2\/posts"}],"about":[{"href":"https:\/\/radiokfor.com\/2\/wp-json\/wp\/v2\/types\/post"}],"author":[{"embeddable":true,"href":"https:\/\/radiokfor.com\/2\/wp-json\/wp\/v2\/users\/2"}],"replies":[{"embeddable":true,"href":"https:\/\/radiokfor.com\/2\/wp-json\/wp\/v2\/comments?post=1492"}],"version-history":[{"count":1,"href":"https:\/\/radiokfor.com\/2\/wp-json\/wp\/v2\/posts\/1492\/revisions"}],"predecessor-version":[{"id":1496,"href":"https:\/\/radiokfor.com\/2\/wp-json\/wp\/v2\/posts\/1492\/revisions\/1496"}],"wp:featuredmedia":[{"embeddable":true,"href":"https:\/\/radiokfor.com\/2\/wp-json\/wp\/v2\/media\/1495"}],"wp:attachment":[{"href":"https:\/\/radiokfor.com\/2\/wp-json\/wp\/v2\/media?parent=1492"}],"wp:term":[{"taxonomy":"category","embeddable":true,"href":"https:\/\/radiokfor.com\/2\/wp-json\/wp\/v2\/categories?post=1492"},{"taxonomy":"post_tag","embeddable":true,"href":"https:\/\/radiokfor.com\/2\/wp-json\/wp\/v2\/tags?post=1492"}],"curies":[{"name":"wp","href":"https:\/\/api.w.org\/{rel}","templated":true}]}}