{"id":14884,"date":"2022-01-13T10:55:11","date_gmt":"2022-01-13T10:55:11","guid":{"rendered":"http:\/\/radiokfor.com\/2\/?p=14884"},"modified":"2022-01-13T10:55:11","modified_gmt":"2022-01-13T10:55:11","slug":"kako-stedite-struju","status":"publish","type":"post","link":"https:\/\/radiokfor.com\/2\/kako-stedite-struju\/","title":{"rendered":"Kako \u0161tedite struju?"},"content":{"rendered":"<p>Pitali smo ljude na Kosovu kako \u0161tede struju i evo \u0161ta su oni rekli:<\/p>\n<p><strong>Nevenka:<\/strong><\/p>\n<p>\u201e<em>\u0160tedim struju tako \u0161to gasim ure\u0111aje kada ih ne koristim<\/em>.\u201c<\/p>\n<p><strong>Lazar<\/strong>:<\/p>\n<p>\u201e<em>Malim promenama iz dana u dan, na\u0161ih navika, kupovinom ekolo\u0161kih proizvoda mo\u017eemo u\u0161tedeti elektri\u010dnu energiju i istu racionalno tro\u0161iti<\/em>.\u201c<\/p>\n<p><strong>Milena<\/strong>:<\/p>\n<p>\u201e<em>\u0160tedim struju tako \u0161to gasim svetla gde ona nisu neophodna, a ure\u0111aje koji tro\u0161e vi\u0161e elektri\u010dne energije uklju\u010dujem posle pono\u0107i kada je struja jeftinija. Tako\u0111e, ure\u0111aje koje ne koristim gasim iz uti\u010dnice<\/em>.\u201c<\/p>\n<p><strong>Vojkan<\/strong>:<\/p>\n<p>\u201e<em>\u0160tedim struju tako \u0161to retko boravim kod ku\u0107e, pa je time i potro\u0161nja manja<\/em>.\u201c<\/p>\n<p><strong>\u00a0Teodora:<\/strong><\/p>\n<p>\u201e<em>Kako bismo bili \u0161to odgovorniji tokom ove energetske krize, mi koristimo \u0161tedljive sijalice. To je bio prvi korak koji smo preduzeli. Preko no\u0107i koristimo aparate koji tro\u0161e vi\u0161e elektri\u010dne energije, gasimo nepotrebno svetlo i sve ure\u0111aje koji nam nisu neophodni. To su na\u0161i na\u010dini \u0161tednje<\/em>.\u201c<\/p>\n<p>&nbsp;<\/p>\n<p>&nbsp;<\/p>\n","protected":false},"excerpt":{"rendered":"<p>Pitali smo ljude na Kosovu kako \u0161tede struju i evo \u0161ta su oni rekli: Nevenka: \u201e\u0160tedim struju tako \u0161to gasim ure\u0111aje kada ih ne koristim.\u201c Lazar: \u201eMalim promenama iz dana u dan, na\u0161ih navika, kupovinom ekolo\u0161kih proizvoda mo\u017eemo u\u0161tedeti elektri\u010dnu energiju i istu racionalno tro\u0161iti.\u201c Milena: \u201e\u0160tedim struju tako \u0161to gasim svetla gde ona nisu&hellip;<\/p>\n","protected":false},"author":9,"featured_media":14885,"comment_status":"closed","ping_status":"closed","sticky":false,"template":"","format":"standard","meta":{"footnotes":""},"categories":[2],"tags":[],"class_list":["post-14884","post","type-post","status-publish","format-standard","has-post-thumbnail","hentry","category-news","category-2","description-off"],"_links":{"self":[{"href":"https:\/\/radiokfor.com\/2\/wp-json\/wp\/v2\/posts\/14884","targetHints":{"allow":["GET"]}}],"collection":[{"href":"https:\/\/radiokfor.com\/2\/wp-json\/wp\/v2\/posts"}],"about":[{"href":"https:\/\/radiokfor.com\/2\/wp-json\/wp\/v2\/types\/post"}],"author":[{"embeddable":true,"href":"https:\/\/radiokfor.com\/2\/wp-json\/wp\/v2\/users\/9"}],"replies":[{"embeddable":true,"href":"https:\/\/radiokfor.com\/2\/wp-json\/wp\/v2\/comments?post=14884"}],"version-history":[{"count":1,"href":"https:\/\/radiokfor.com\/2\/wp-json\/wp\/v2\/posts\/14884\/revisions"}],"predecessor-version":[{"id":14886,"href":"https:\/\/radiokfor.com\/2\/wp-json\/wp\/v2\/posts\/14884\/revisions\/14886"}],"wp:featuredmedia":[{"embeddable":true,"href":"https:\/\/radiokfor.com\/2\/wp-json\/wp\/v2\/media\/14885"}],"wp:attachment":[{"href":"https:\/\/radiokfor.com\/2\/wp-json\/wp\/v2\/media?parent=14884"}],"wp:term":[{"taxonomy":"category","embeddable":true,"href":"https:\/\/radiokfor.com\/2\/wp-json\/wp\/v2\/categories?post=14884"},{"taxonomy":"post_tag","embeddable":true,"href":"https:\/\/radiokfor.com\/2\/wp-json\/wp\/v2\/tags?post=14884"}],"curies":[{"name":"wp","href":"https:\/\/api.w.org\/{rel}","templated":true}]}}