{"id":14788,"date":"2022-01-13T00:50:44","date_gmt":"2022-01-13T00:50:44","guid":{"rendered":"http:\/\/radiokfor.com\/2\/?p=14788"},"modified":"2022-01-04T09:52:22","modified_gmt":"2022-01-04T09:52:22","slug":"nega-koze-tokom-zimskih-meseci","status":"publish","type":"post","link":"https:\/\/radiokfor.com\/2\/nega-koze-tokom-zimskih-meseci\/","title":{"rendered":"Nega ko\u017ee tokom zimskih meseci"},"content":{"rendered":"<p>Zimski vremenski uslovi mogu biti nemilosrdni za na\u0161u ko\u017eu &#8211; kao \u0161to spolja\u0161nje temperature padaju, tako se smanjuje i nivo vla\u017enosti na\u0161e ko\u017ee. Hladno i vetrovito vreme isu\u0161uje ko\u017eu, pa gubi svoj prirodni blistav izgled. Suv, topao vazduh u zatvorenom prostoru sli\u010dno deluje i na na\u0161u ko\u017eu, a svi uticaji dovode do dehidracije ko\u017ee.<\/p>\n<p>Sa dugim zimskim danima, na\u0161a ko\u017ea ne dobija toliko hranljivih materija (uklju\u010dujuc\u0301i vitamin D), tako da ko\u017ea mo\u017ee biti bez sjaja i neujedna\u010denog tena, obja\u0161njava dermatolog Maja Ni\u010di\u0107 Stojkovi\u0107.<\/p>\n<p><em>\u201cTokom zimskih meseci, na\u0161a ko\u017ea je izlo\u017eena negativnim vremenskim uticajima .Hladan zimski vazduh je suv. To se sve negativno odra\u017eava na ko\u017eu\u00a0 koja se isu\u0161uje tj. gubi vla\u017enost, nije vi\u0161e meka i glatka, zbog \u010dega joj je posebno tada neophodna pravilna nega. Da bi se zadr\u017eala vla\u017enost ko\u017ee tokom ovog perioda, neophodno je \u010de\u0161\u0107e nano\u0161enje krema, lagane losione i kreme, po\u017eeljno je zameniti masnijim. Masno\u0107e u kremama prave film na ko\u017ei, koji spre\u010dava odavanje vode, uz to potrebno je izbegavati sapune, a za tu\u0161iranje treba koristiti ulja koja \u0161tite i \u010duvaju prirodnu hidrantnu barijeru ko\u017ee.\u201d<\/em><\/p>\n<p>\u010cuvajte va\u0161u ko\u017eu, negujte je kako bi ostala zdrava \u010dak i tokom zime.<\/p>\n","protected":false},"excerpt":{"rendered":"<p>Zimski vremenski uslovi mogu biti nemilosrdni za na\u0161u ko\u017eu &#8211; kao \u0161to spolja\u0161nje temperature padaju, tako se smanjuje i nivo vla\u017enosti na\u0161e ko\u017ee. Hladno i vetrovito vreme isu\u0161uje ko\u017eu, pa gubi svoj prirodni blistav izgled. Suv, topao vazduh u zatvorenom prostoru sli\u010dno deluje i na na\u0161u ko\u017eu, a svi uticaji dovode do dehidracije ko\u017ee. Sa&hellip;<\/p>\n","protected":false},"author":10,"featured_media":10740,"comment_status":"closed","ping_status":"closed","sticky":false,"template":"","format":"standard","meta":{"footnotes":""},"categories":[2],"tags":[],"class_list":["post-14788","post","type-post","status-publish","format-standard","has-post-thumbnail","hentry","category-news","category-2","description-off"],"_links":{"self":[{"href":"https:\/\/radiokfor.com\/2\/wp-json\/wp\/v2\/posts\/14788","targetHints":{"allow":["GET"]}}],"collection":[{"href":"https:\/\/radiokfor.com\/2\/wp-json\/wp\/v2\/posts"}],"about":[{"href":"https:\/\/radiokfor.com\/2\/wp-json\/wp\/v2\/types\/post"}],"author":[{"embeddable":true,"href":"https:\/\/radiokfor.com\/2\/wp-json\/wp\/v2\/users\/10"}],"replies":[{"embeddable":true,"href":"https:\/\/radiokfor.com\/2\/wp-json\/wp\/v2\/comments?post=14788"}],"version-history":[{"count":1,"href":"https:\/\/radiokfor.com\/2\/wp-json\/wp\/v2\/posts\/14788\/revisions"}],"predecessor-version":[{"id":14789,"href":"https:\/\/radiokfor.com\/2\/wp-json\/wp\/v2\/posts\/14788\/revisions\/14789"}],"wp:featuredmedia":[{"embeddable":true,"href":"https:\/\/radiokfor.com\/2\/wp-json\/wp\/v2\/media\/10740"}],"wp:attachment":[{"href":"https:\/\/radiokfor.com\/2\/wp-json\/wp\/v2\/media?parent=14788"}],"wp:term":[{"taxonomy":"category","embeddable":true,"href":"https:\/\/radiokfor.com\/2\/wp-json\/wp\/v2\/categories?post=14788"},{"taxonomy":"post_tag","embeddable":true,"href":"https:\/\/radiokfor.com\/2\/wp-json\/wp\/v2\/tags?post=14788"}],"curies":[{"name":"wp","href":"https:\/\/api.w.org\/{rel}","templated":true}]}}