{"id":14778,"date":"2022-01-04T09:31:07","date_gmt":"2022-01-04T09:31:07","guid":{"rendered":"http:\/\/radiokfor.com\/2\/?p=14778"},"modified":"2022-01-04T09:31:07","modified_gmt":"2022-01-04T09:31:07","slug":"svetski-dan-brajevog-pisma-2","status":"publish","type":"post","link":"https:\/\/radiokfor.com\/2\/svetski-dan-brajevog-pisma-2\/","title":{"rendered":"Svetski dan Brajevog pisma"},"content":{"rendered":"<p>Svetski dan Brajevog pisma obele\u017eava se od 2019. godine kako bi se podigla svest o va\u017enosti Brajevog pisma kao sredstva komunikacije u potpunom ostvarivanju ljudskih prava slepih i slabovidih.<\/p>\n<p>Luj Braj je usavr\u0161io tehniku i nastojao da se ona primenjuje u praksi. Unesko je proglasio Brajevo pismo za univerzalno pismo za slepe i slabovide u svetu 1955. godine. Brajevu azbuku sve vi\u0161e potiskuju nove tehnologije, pa je u poslednje vreme zapostavljena.<\/p>\n<p>Me\u0111utim, bez obzira na tehnolo\u0161ki napredak i sve koristi koje je takav napredak doneo, Brajeva azbuka ostaje nezamenljiva u svakodnevnom \u017eivotu slepih i slabovidih ljudi.<\/p>\n","protected":false},"excerpt":{"rendered":"<p>Svetski dan Brajevog pisma obele\u017eava se od 2019. godine kako bi se podigla svest o va\u017enosti Brajevog pisma kao sredstva komunikacije u potpunom ostvarivanju ljudskih prava slepih i slabovidih. Luj Braj je usavr\u0161io tehniku i nastojao da se ona primenjuje u praksi. Unesko je proglasio Brajevo pismo za univerzalno pismo za slepe i slabovide u&hellip;<\/p>\n","protected":false},"author":10,"featured_media":14779,"comment_status":"closed","ping_status":"closed","sticky":false,"template":"","format":"standard","meta":{"footnotes":""},"categories":[2],"tags":[],"class_list":["post-14778","post","type-post","status-publish","format-standard","has-post-thumbnail","hentry","category-news","category-2","description-off"],"_links":{"self":[{"href":"https:\/\/radiokfor.com\/2\/wp-json\/wp\/v2\/posts\/14778","targetHints":{"allow":["GET"]}}],"collection":[{"href":"https:\/\/radiokfor.com\/2\/wp-json\/wp\/v2\/posts"}],"about":[{"href":"https:\/\/radiokfor.com\/2\/wp-json\/wp\/v2\/types\/post"}],"author":[{"embeddable":true,"href":"https:\/\/radiokfor.com\/2\/wp-json\/wp\/v2\/users\/10"}],"replies":[{"embeddable":true,"href":"https:\/\/radiokfor.com\/2\/wp-json\/wp\/v2\/comments?post=14778"}],"version-history":[{"count":1,"href":"https:\/\/radiokfor.com\/2\/wp-json\/wp\/v2\/posts\/14778\/revisions"}],"predecessor-version":[{"id":14780,"href":"https:\/\/radiokfor.com\/2\/wp-json\/wp\/v2\/posts\/14778\/revisions\/14780"}],"wp:featuredmedia":[{"embeddable":true,"href":"https:\/\/radiokfor.com\/2\/wp-json\/wp\/v2\/media\/14779"}],"wp:attachment":[{"href":"https:\/\/radiokfor.com\/2\/wp-json\/wp\/v2\/media?parent=14778"}],"wp:term":[{"taxonomy":"category","embeddable":true,"href":"https:\/\/radiokfor.com\/2\/wp-json\/wp\/v2\/categories?post=14778"},{"taxonomy":"post_tag","embeddable":true,"href":"https:\/\/radiokfor.com\/2\/wp-json\/wp\/v2\/tags?post=14778"}],"curies":[{"name":"wp","href":"https:\/\/api.w.org\/{rel}","templated":true}]}}