{"id":1474,"date":"2018-04-19T09:30:57","date_gmt":"2018-04-19T09:30:57","guid":{"rendered":"http:\/\/radiokfor.com\/2\/?p=1474"},"modified":"2018-11-30T09:37:40","modified_gmt":"2018-11-30T09:37:40","slug":"kretanje-u-galeriji-fakulteta-umetnosti","status":"publish","type":"post","link":"https:\/\/radiokfor.com\/2\/kretanje-u-galeriji-fakulteta-umetnosti\/","title":{"rendered":"\u201cKretanje\u201d u Galeriji Fakulteta umetnosti!"},"content":{"rendered":"<p>Izlo\u017eba slika pod nazivom &#8220;Kretanja&#8221;, akademske umetnice Du\u0161ice Peji\u0107, bi\u0107e otvorena u Galeriji Fakulteta umetnosti u Mitrovici.<\/p>\n<p>Povodom predstavljanja mitrova\u010dkoj publici slika koje \u010dine ciklus pod nazivom \u201eKretanja\u201c, Peji\u0107eva za KFOR radio isti\u010de:<\/p>\n<p>\u201cTo su slike velikog formata na platnu, i naziv &#8220;Kretanje&#8221; zapravo predstavlja neku moju potrebu da ka\u017eem da je kod svih nas vrlo va\u017eno kretanje, da se stalno kre\u0107emo u bilo kom vidu, u bilo kom kontekstu. Da li je to fizi\u010dko kretanje, da li je to duhovno kretanje, da li je to mentalno kretanje, prosto je va\u017eno za nas same da se stalno kre\u0107emo. Ja sve to poku\u0161avam da predstavim nekom svojom energijom i to je ono \u0161to ja prosto \u017eelim da publika negde prepozna.\u201d<\/p>\n<p>Umetnica \u2013 slikarka Du\u0161ica Peji\u0107 je ro\u0111ena u Beogradu. Diplomirala je na Katedri za slikarstvo Akademije umetnosti Univerziteta u Novom Sadu, da bi zavr\u0161ila Specijalisti\u010dke studije na Odseku za slikarstvo Fakulteta likovnih umetnosti Univerziteta u Beogradu.<\/p>\n<p>Izla\u017ee na samostalnim i grupnim izlo\u017ebama u zemlji i inostranstvu, i uvr\u0161\u0107ena je u osam najistaknutijih autora apstraktne orijentacije u srpskom slikarstvu posle 2000. godine.<\/p>\n<p>Izlo\u017eba \u0107e biti otvorena u \u010detvrtak 19. aprila u 19 \u010dasova u Galeriji Fakulteta umetnosti u Mitrovici i postavka \u0107e biti izlo\u017eena do 03. maja.<\/p>\n","protected":false},"excerpt":{"rendered":"<p>Izlo\u017eba slika pod nazivom &#8220;Kretanja&#8221;, akademske umetnice Du\u0161ice Peji\u0107, bi\u0107e otvorena u Galeriji Fakulteta umetnosti u Mitrovici. Povodom predstavljanja mitrova\u010dkoj publici slika koje \u010dine ciklus pod nazivom \u201eKretanja\u201c, Peji\u0107eva za KFOR radio isti\u010de: \u201cTo su slike velikog formata na platnu, i naziv &#8220;Kretanje&#8221; zapravo predstavlja neku moju potrebu da ka\u017eem da je kod svih nas&hellip;<\/p>\n","protected":false},"author":2,"featured_media":1484,"comment_status":"open","ping_status":"open","sticky":false,"template":"","format":"standard","meta":{"footnotes":""},"categories":[2],"tags":[593,591,133,592],"class_list":["post-1474","post","type-post","status-publish","format-standard","has-post-thumbnail","hentry","category-news","tag-galerija-fakulteta-umetnosti","tag-izlozba-slika","tag-mitrovica","tag-kretanje","category-2","description-off"],"_links":{"self":[{"href":"https:\/\/radiokfor.com\/2\/wp-json\/wp\/v2\/posts\/1474","targetHints":{"allow":["GET"]}}],"collection":[{"href":"https:\/\/radiokfor.com\/2\/wp-json\/wp\/v2\/posts"}],"about":[{"href":"https:\/\/radiokfor.com\/2\/wp-json\/wp\/v2\/types\/post"}],"author":[{"embeddable":true,"href":"https:\/\/radiokfor.com\/2\/wp-json\/wp\/v2\/users\/2"}],"replies":[{"embeddable":true,"href":"https:\/\/radiokfor.com\/2\/wp-json\/wp\/v2\/comments?post=1474"}],"version-history":[{"count":1,"href":"https:\/\/radiokfor.com\/2\/wp-json\/wp\/v2\/posts\/1474\/revisions"}],"predecessor-version":[{"id":1485,"href":"https:\/\/radiokfor.com\/2\/wp-json\/wp\/v2\/posts\/1474\/revisions\/1485"}],"wp:featuredmedia":[{"embeddable":true,"href":"https:\/\/radiokfor.com\/2\/wp-json\/wp\/v2\/media\/1484"}],"wp:attachment":[{"href":"https:\/\/radiokfor.com\/2\/wp-json\/wp\/v2\/media?parent=1474"}],"wp:term":[{"taxonomy":"category","embeddable":true,"href":"https:\/\/radiokfor.com\/2\/wp-json\/wp\/v2\/categories?post=1474"},{"taxonomy":"post_tag","embeddable":true,"href":"https:\/\/radiokfor.com\/2\/wp-json\/wp\/v2\/tags?post=1474"}],"curies":[{"name":"wp","href":"https:\/\/api.w.org\/{rel}","templated":true}]}}