{"id":14698,"date":"2021-12-31T00:00:35","date_gmt":"2021-12-31T00:00:35","guid":{"rendered":"http:\/\/radiokfor.com\/2\/?p=14698"},"modified":"2021-12-27T15:02:00","modified_gmt":"2021-12-27T15:02:00","slug":"kako-svet-slavi-novu-godinu","status":"publish","type":"post","link":"https:\/\/radiokfor.com\/2\/kako-svet-slavi-novu-godinu\/","title":{"rendered":"Kako svet slavi Novu godinu"},"content":{"rendered":"<p>U kolektivnoj svesti, ve\u0161to skrojenoj od strane marketin\u0161kih stru\u010dnjaka, ljudi Novu godinu vezuju za sneg, Deda Mraza i ukra\u0161enu jelku. Dok se sva ova tri uslova ne ispune, euforija se odla\u017ee, pogotovu onda kada nema snega. Do\u010dek bez snega nije do\u010dek!<\/p>\n<p>Najranija zabele\u017eena proslava Nove godine datira jo\u0161 u vreme drevnog Vavilona. Kako je istorija napredovala, svetske civilizacije su razvile veoma slo\u017eene kalendare, a prvi dan godine je obi\u010dno bio vezan za neki bitan poljoprivredni ili astronomski doga\u0111aj.<\/p>\n<p>Zavisno od vremenskih zona, Nova godina \u0107e u neke dr\u017eave sti\u0107i ranije, a u neke kasnije. Ako niste znali Novu godinu mo\u017eete prvi do\u010dekati ako se nalazite na Bo\u017ei\u010dnom ostrvu.<\/p>\n<p>Novogodi\u0161nja parada jedan je od najatraktivnijih simbola Nove godine. Na Tibetu traje \u010dak 4 dana, Grci paradiraju nosec\u0301i figurice jabuka, ovaca i zvezda, a na tajlandskoj paradi mar\u0161iraju uz zvuke gongova i bubnjeva sa likovima zmajeva, slonova, bivola i divova. Hiljade kostimiranih ljudi u\u010destvuje u paradi Junkanoo na Bahamima, takmi\u010dec\u0301i se za nagrade. U Oberammergau, u Nema\u010dkoj, svake godine se organizuje velika parada na kojoj vo\u0111a parade peva pesme o protekloj godini i igra.<\/p>\n<p>Civilizacije \u0161irom sveta su slavile po\u010detak Nove godine makar \u010detiri milenijuma u nazad. Danas je ustaljen \u0161ablon da se Nova godina \u010deka 31. decembra, pa sve do ranih jutarnjih sati 1. januara. Uobi\u010dajeno je da se posete splavovi, \u017eurke, restorani\u2026 proslave se provode i na trgovima i raznim mestima gde se u\u017eiva u sjanim prikazima vatrometa. Me\u0111utim ove godine slavimo opet malo druga\u010dije, a svi znate za\u0161to!<\/p>\n","protected":false},"excerpt":{"rendered":"<p>U kolektivnoj svesti, ve\u0161to skrojenoj od strane marketin\u0161kih stru\u010dnjaka, ljudi Novu godinu vezuju za sneg, Deda Mraza i ukra\u0161enu jelku. Dok se sva ova tri uslova ne ispune, euforija se odla\u017ee, pogotovu onda kada nema snega. Do\u010dek bez snega nije do\u010dek! Najranija zabele\u017eena proslava Nove godine datira jo\u0161 u vreme drevnog Vavilona. Kako je istorija&hellip;<\/p>\n","protected":false},"author":11,"featured_media":2667,"comment_status":"closed","ping_status":"closed","sticky":false,"template":"","format":"standard","meta":{"footnotes":""},"categories":[2],"tags":[950,1704],"class_list":["post-14698","post","type-post","status-publish","format-standard","has-post-thumbnail","hentry","category-news","tag-nova-godina","tag-proslava","category-2","description-off"],"_links":{"self":[{"href":"https:\/\/radiokfor.com\/2\/wp-json\/wp\/v2\/posts\/14698","targetHints":{"allow":["GET"]}}],"collection":[{"href":"https:\/\/radiokfor.com\/2\/wp-json\/wp\/v2\/posts"}],"about":[{"href":"https:\/\/radiokfor.com\/2\/wp-json\/wp\/v2\/types\/post"}],"author":[{"embeddable":true,"href":"https:\/\/radiokfor.com\/2\/wp-json\/wp\/v2\/users\/11"}],"replies":[{"embeddable":true,"href":"https:\/\/radiokfor.com\/2\/wp-json\/wp\/v2\/comments?post=14698"}],"version-history":[{"count":1,"href":"https:\/\/radiokfor.com\/2\/wp-json\/wp\/v2\/posts\/14698\/revisions"}],"predecessor-version":[{"id":14699,"href":"https:\/\/radiokfor.com\/2\/wp-json\/wp\/v2\/posts\/14698\/revisions\/14699"}],"wp:featuredmedia":[{"embeddable":true,"href":"https:\/\/radiokfor.com\/2\/wp-json\/wp\/v2\/media\/2667"}],"wp:attachment":[{"href":"https:\/\/radiokfor.com\/2\/wp-json\/wp\/v2\/media?parent=14698"}],"wp:term":[{"taxonomy":"category","embeddable":true,"href":"https:\/\/radiokfor.com\/2\/wp-json\/wp\/v2\/categories?post=14698"},{"taxonomy":"post_tag","embeddable":true,"href":"https:\/\/radiokfor.com\/2\/wp-json\/wp\/v2\/tags?post=14698"}],"curies":[{"name":"wp","href":"https:\/\/api.w.org\/{rel}","templated":true}]}}