{"id":14608,"date":"2021-12-21T14:11:18","date_gmt":"2021-12-21T14:11:18","guid":{"rendered":"http:\/\/radiokfor.com\/2\/?p=14608"},"modified":"2021-12-21T14:11:18","modified_gmt":"2021-12-21T14:11:18","slug":"vredna-donacija-kfor-a-centru-za-decu-sa-posebnim-potrebama","status":"publish","type":"post","link":"https:\/\/radiokfor.com\/2\/vredna-donacija-kfor-a-centru-za-decu-sa-posebnim-potrebama\/","title":{"rendered":"Vredna donacija KFOR-a Centru za decu sa posebnim potrebama"},"content":{"rendered":"<p>Organizacija KFOR-a za civilno-vojnu saradnju CIMIC nastavlja svoj rad na podr\u0161ci stanovni\u0161tvu na Kosovu novim donacijama. Ovoga puta je CIMIC vrednom donacijom pomogao opremanje multietni\u010dkog Centra za decu sa posebnim potrebama u Severnoj Mitrovici.<\/p>\n<p>Ivana Raki\u0107 je \u010dlan Udru\u017eenja &#8220;Podr\u017ei me&#8221; u \u010dijoj se nadle\u017enosti nalazi novoizgra\u0111ena zgrada Centra imala je samo re\u010di zahvalnosti za donaciju koju je obezbedio KFOR.<\/p>\n<p><em>\u201eJa sam majka devoj\u010dice ometene u razvoju i \u017eelim da se zahvalim KFOR-u \u010dija nam donacija omogu\u0107ava da sredimo dnevne radionice za decu ovde u Centru. Tako\u0111e smo dobili didakti\u010dki program koji \u0107e imati veliki uticaj na obrazovanje dece, \u0161to je veoma zna\u010dajno i jo\u0161 jednom \u017eelim da zahvalim KFOR-u \u0161to su nas podr\u017eali u ovome.\u201c<\/em><\/p>\n<p>Ona dodaje da je ovo prva saradnja Centra i KFOR-a, uz nadu da \u0107e se ta uspe\u0161na saradnja nastaviti i u budu\u0107nosti.<\/p>\n<p>Istog mi\u0161ljenja je i potporu\u010dnik Pjerin Tajler (Pierrine Theiler) iz \u0161vajcarskog Tima za vezu i nadgledanje (LMT) koja je veoma sre\u0107na zbog ove donacije jer \u0107e njeni korisnici biti, pre svih, deca i omladina.<\/p>\n<p><em>\u201eOvo je projekat na kom su po\u010deli da rade moje kolege iz predhodnog tima, a meni je zadovoljstvo \u0161to smo sada mogli da ga realizujemo. KFOR \u0107e nastaviti sa ovakvim vrstama donacija jer je i za mene li\u010dno, ali i za KFOR u celini veoma va\u017eno da poma\u017eemo deci i znamo koliko \u0107e ovo zna\u010diti ovoj deci sa posebnim potrebama. Dobijaju mogu\u0107nost da se obrazuju na druga\u010diji na\u010din, ali i da se socijalizuju \u0161to \u0107e im svakako pomo\u0107i.\u201c<\/em><\/p>\n<p>Vrednost ove donacije iznosi \u010detiri hiljade evra, a Centar za decu sa posebnim potrebama ima 164 \u0161ti\u0107enika iz srpske, albanske i bo\u0161nja\u010dke zajednice. Iz KFOR-a isti\u010du da \u0107e nastaviti sa pru\u017eanjem pomo\u0107i stanovni\u0161tvu na Kosovu.<\/p>\n<p>&nbsp;<\/p>\n<p><img loading=\"lazy\" decoding=\"async\" class=\"alignnone size-medium wp-image-14611\" src=\"https:\/\/radiokfor.com\/2\/wp-content\/uploads\/2021\/12\/thumbnail__4UU7954-300x218.jpg\" alt=\"\" width=\"300\" height=\"218\" srcset=\"https:\/\/radiokfor.com\/2\/wp-content\/uploads\/2021\/12\/thumbnail__4UU7954-300x218.jpg 300w, https:\/\/radiokfor.com\/2\/wp-content\/uploads\/2021\/12\/thumbnail__4UU7954-1024x743.jpg 1024w, https:\/\/radiokfor.com\/2\/wp-content\/uploads\/2021\/12\/thumbnail__4UU7954-768x557.jpg 768w, https:\/\/radiokfor.com\/2\/wp-content\/uploads\/2021\/12\/thumbnail__4UU7954.jpg 1280w\" sizes=\"auto, (max-width: 300px) 100vw, 300px\" \/>\u00a0 \u00a0 \u00a0 \u00a0 \u00a0 \u00a0 \u00a0 <img loading=\"lazy\" decoding=\"async\" class=\"alignnone  wp-image-14612\" src=\"https:\/\/radiokfor.com\/2\/wp-content\/uploads\/2021\/12\/thumbnail__4UU7923-300x200.jpg\" alt=\"\" width=\"324\" height=\"216\" srcset=\"https:\/\/radiokfor.com\/2\/wp-content\/uploads\/2021\/12\/thumbnail__4UU7923-300x200.jpg 300w, https:\/\/radiokfor.com\/2\/wp-content\/uploads\/2021\/12\/thumbnail__4UU7923-1024x682.jpg 1024w, https:\/\/radiokfor.com\/2\/wp-content\/uploads\/2021\/12\/thumbnail__4UU7923-768x512.jpg 768w, https:\/\/radiokfor.com\/2\/wp-content\/uploads\/2021\/12\/thumbnail__4UU7923-272x182.jpg 272w, https:\/\/radiokfor.com\/2\/wp-content\/uploads\/2021\/12\/thumbnail__4UU7923.jpg 1280w\" sizes=\"auto, (max-width: 324px) 100vw, 324px\" \/><\/p>\n","protected":false},"excerpt":{"rendered":"<p>Organizacija KFOR-a za civilno-vojnu saradnju CIMIC nastavlja svoj rad na podr\u0161ci stanovni\u0161tvu na Kosovu novim donacijama. Ovoga puta je CIMIC vrednom donacijom pomogao opremanje multietni\u010dkog Centra za decu sa posebnim potrebama u Severnoj Mitrovici. Ivana Raki\u0107 je \u010dlan Udru\u017eenja &#8220;Podr\u017ei me&#8221; u \u010dijoj se nadle\u017enosti nalazi novoizgra\u0111ena zgrada Centra imala je samo re\u010di zahvalnosti za&hellip;<\/p>\n","protected":false},"author":7,"featured_media":14609,"comment_status":"closed","ping_status":"closed","sticky":false,"template":"","format":"standard","meta":{"footnotes":""},"categories":[2],"tags":[],"class_list":["post-14608","post","type-post","status-publish","format-standard","has-post-thumbnail","hentry","category-news","category-2","description-off"],"_links":{"self":[{"href":"https:\/\/radiokfor.com\/2\/wp-json\/wp\/v2\/posts\/14608","targetHints":{"allow":["GET"]}}],"collection":[{"href":"https:\/\/radiokfor.com\/2\/wp-json\/wp\/v2\/posts"}],"about":[{"href":"https:\/\/radiokfor.com\/2\/wp-json\/wp\/v2\/types\/post"}],"author":[{"embeddable":true,"href":"https:\/\/radiokfor.com\/2\/wp-json\/wp\/v2\/users\/7"}],"replies":[{"embeddable":true,"href":"https:\/\/radiokfor.com\/2\/wp-json\/wp\/v2\/comments?post=14608"}],"version-history":[{"count":3,"href":"https:\/\/radiokfor.com\/2\/wp-json\/wp\/v2\/posts\/14608\/revisions"}],"predecessor-version":[{"id":14614,"href":"https:\/\/radiokfor.com\/2\/wp-json\/wp\/v2\/posts\/14608\/revisions\/14614"}],"wp:featuredmedia":[{"embeddable":true,"href":"https:\/\/radiokfor.com\/2\/wp-json\/wp\/v2\/media\/14609"}],"wp:attachment":[{"href":"https:\/\/radiokfor.com\/2\/wp-json\/wp\/v2\/media?parent=14608"}],"wp:term":[{"taxonomy":"category","embeddable":true,"href":"https:\/\/radiokfor.com\/2\/wp-json\/wp\/v2\/categories?post=14608"},{"taxonomy":"post_tag","embeddable":true,"href":"https:\/\/radiokfor.com\/2\/wp-json\/wp\/v2\/tags?post=14608"}],"curies":[{"name":"wp","href":"https:\/\/api.w.org\/{rel}","templated":true}]}}