{"id":14295,"date":"2021-11-25T11:31:46","date_gmt":"2021-11-25T11:31:46","guid":{"rendered":"http:\/\/radiokfor.com\/2\/?p=14295"},"modified":"2021-11-25T11:31:46","modified_gmt":"2021-11-25T11:31:46","slug":"u-ponedeljak-pocinje-grafest","status":"publish","type":"post","link":"https:\/\/radiokfor.com\/2\/u-ponedeljak-pocinje-grafest\/","title":{"rendered":"U ponedeljak po\u010dinje GRAFEST"},"content":{"rendered":"<p>U ponedeljak, 29. novembra, po\u010dinje deseti Me\u0111unarodni festival dokumentarnog filma i televizijskih formi GRAFEST.\u00a0 Pored Doma kulture u Gra\u010danici, festival \u0107e se odr\u017eati i u Mitrovici u Kulturnom centru Akvarijus.<\/p>\n<p>U takmi\u010darskom programu, svojim dokumentaristi\u010dkim i televizijskim radovima, filmovima, reporta\u017eama i srodnim televizijskim formama, predstavi\u0107e se autori sa \u041aosova.<\/p>\n<p>U okviru prate\u0107eg programa bi\u0107e odr\u017ean okrugli sto \u201eDeset godina GRAFEST-a\u201c, a drugog dana festivala, u 18 \u010dasova u Akvarijusu \u0107e biti odr\u017eana radionica za mlade \u201eBELDOCS TEEN\u201c.<\/p>\n<p>\u010cetvoro\u010dlani \u017eiri, koji \u0107e raditi u sastavu: Milo\u0161 Ivanovi\u0107, producent, Boris Miti\u0107, reditelj, Ivana Vanovac, novinarka i \u0110or\u0111e Jevti\u0107 novinar i publicista, ocenjiva\u0107e filmove i odabrati one koji \u0107e poneti nagrade na sve\u010danom zatvaranju 1. decembra u 20 \u010dasova.<\/p>\n<p>Sve\u010dano otvaranje festivala je u ponedeljak u 20 \u010dasova, saop\u0161teno je iz Doma kulture koji je i organizator festival. Ulaz na sve projekcije je slobodan uz obavezno po\u0161tovanje svih propisanih mera za spre\u010davanje \u0161irenja koronavirusa.<\/p>\n<p>&nbsp;<\/p>\n<p>&nbsp;<\/p>\n","protected":false},"excerpt":{"rendered":"<p>U ponedeljak, 29. novembra, po\u010dinje deseti Me\u0111unarodni festival dokumentarnog filma i televizijskih formi GRAFEST.\u00a0 Pored Doma kulture u Gra\u010danici, festival \u0107e se odr\u017eati i u Mitrovici u Kulturnom centru Akvarijus. U takmi\u010darskom programu, svojim dokumentaristi\u010dkim i televizijskim radovima, filmovima, reporta\u017eama i srodnim televizijskim formama, predstavi\u0107e se autori sa \u041aosova. U okviru prate\u0107eg programa bi\u0107e odr\u017ean&hellip;<\/p>\n","protected":false},"author":7,"featured_media":14296,"comment_status":"closed","ping_status":"closed","sticky":false,"template":"","format":"standard","meta":{"footnotes":""},"categories":[2],"tags":[],"class_list":["post-14295","post","type-post","status-publish","format-standard","has-post-thumbnail","hentry","category-news","category-2","description-off"],"_links":{"self":[{"href":"https:\/\/radiokfor.com\/2\/wp-json\/wp\/v2\/posts\/14295","targetHints":{"allow":["GET"]}}],"collection":[{"href":"https:\/\/radiokfor.com\/2\/wp-json\/wp\/v2\/posts"}],"about":[{"href":"https:\/\/radiokfor.com\/2\/wp-json\/wp\/v2\/types\/post"}],"author":[{"embeddable":true,"href":"https:\/\/radiokfor.com\/2\/wp-json\/wp\/v2\/users\/7"}],"replies":[{"embeddable":true,"href":"https:\/\/radiokfor.com\/2\/wp-json\/wp\/v2\/comments?post=14295"}],"version-history":[{"count":1,"href":"https:\/\/radiokfor.com\/2\/wp-json\/wp\/v2\/posts\/14295\/revisions"}],"predecessor-version":[{"id":14297,"href":"https:\/\/radiokfor.com\/2\/wp-json\/wp\/v2\/posts\/14295\/revisions\/14297"}],"wp:featuredmedia":[{"embeddable":true,"href":"https:\/\/radiokfor.com\/2\/wp-json\/wp\/v2\/media\/14296"}],"wp:attachment":[{"href":"https:\/\/radiokfor.com\/2\/wp-json\/wp\/v2\/media?parent=14295"}],"wp:term":[{"taxonomy":"category","embeddable":true,"href":"https:\/\/radiokfor.com\/2\/wp-json\/wp\/v2\/categories?post=14295"},{"taxonomy":"post_tag","embeddable":true,"href":"https:\/\/radiokfor.com\/2\/wp-json\/wp\/v2\/tags?post=14295"}],"curies":[{"name":"wp","href":"https:\/\/api.w.org\/{rel}","templated":true}]}}