{"id":14284,"date":"2021-11-25T10:01:57","date_gmt":"2021-11-25T10:01:57","guid":{"rendered":"http:\/\/radiokfor.com\/2\/?p=14284"},"modified":"2021-11-25T10:01:57","modified_gmt":"2021-11-25T10:01:57","slug":"nema-modrica-%e2%89%a0-nema-nasilja","status":"publish","type":"post","link":"https:\/\/radiokfor.com\/2\/nema-modrica-%e2%89%a0-nema-nasilja\/","title":{"rendered":"\u201cNema modrica \u2260 Nema Nasilja\u201d"},"content":{"rendered":"<p>\u0160irom sveta danas se obele\u017eava Me\u0111unarodni dan borbe protiv nasilja nad \u017eenama. Danas po\u010dinje i svetska kampanja &#8220;16 dana aktivizma protiv nasilja nad \u017eenama&#8221; koja \u0107e trajati do 10. decembra kada se obele\u017eava Me\u0111unarodni dan ljudskih prava.<\/p>\n<p>U okviru kampanje \u201c16 dana aktivizma\u201d NVO \u017densko pravo pokre\u0107e kampanju protiv nasilja nad zenama pod sloganom \u201cNema modrica \u2260 Nema Nasilja\u201d.<\/p>\n<p>\u201c<em>Ovogodi\u0161nja kampanja se fokusira na psiholo\u0161ko nasilje u intimnom partnerskom odnosu, odnosno na \u2018geslajting\u2019 (manipulacija izlu\u0111ivanjem \u017ertve) kao oblika emocionalnog zlostavljanja kojom nasilnik navodi \u017ertvu da ispituje svoja iskustva, sec\u0301anje na odre\u0111ene doga\u0111aje, rasu\u0111ivanje i razum. Iako \u010dlan 248. Krivi\u010dnog zakona Kosova prepoznaje psihi\u010dko nasilje kao krivi\u010dno delo, kao i to da je po svedo\u010denju \u017ertava psihi\u010dko nasilje isto ili \u010dak te\u017ee prevazi\u0107i od fizi\u010dkog nasilja, dru\u0161tvo ne prepoznaje ovu vrstu nasilja kao takvo<\/em>\u201d, saop\u0161teno je iz NVO \u017densko Pravo.<\/p>\n<p>Kako bi se podigla svest o ovom vidu nasilja nad \u017eenama, ova organizacija \u0107e odr\u017eati debate na ovu temu, \u0161irom Kosova \u0107e biti postavljeni bilbordi, tako\u0111e gra\u0111anima \u0107e biti podeljen informativni material o psiholo\u0161kom nasilju, sa fokusom na \u201cgeslajting\u201d.<\/p>\n<p>NVO \u017densko pravo ovu kampanju sprovodi u saradnji sa EULEX-om.<\/p>\n","protected":false},"excerpt":{"rendered":"<p>\u0160irom sveta danas se obele\u017eava Me\u0111unarodni dan borbe protiv nasilja nad \u017eenama. Danas po\u010dinje i svetska kampanja &#8220;16 dana aktivizma protiv nasilja nad \u017eenama&#8221; koja \u0107e trajati do 10. decembra kada se obele\u017eava Me\u0111unarodni dan ljudskih prava. U okviru kampanje \u201c16 dana aktivizma\u201d NVO \u017densko pravo pokre\u0107e kampanju protiv nasilja nad zenama pod sloganom \u201cNema&hellip;<\/p>\n","protected":false},"author":7,"featured_media":14285,"comment_status":"closed","ping_status":"closed","sticky":false,"template":"","format":"standard","meta":{"footnotes":""},"categories":[2],"tags":[],"class_list":["post-14284","post","type-post","status-publish","format-standard","has-post-thumbnail","hentry","category-news","category-2","description-off"],"_links":{"self":[{"href":"https:\/\/radiokfor.com\/2\/wp-json\/wp\/v2\/posts\/14284","targetHints":{"allow":["GET"]}}],"collection":[{"href":"https:\/\/radiokfor.com\/2\/wp-json\/wp\/v2\/posts"}],"about":[{"href":"https:\/\/radiokfor.com\/2\/wp-json\/wp\/v2\/types\/post"}],"author":[{"embeddable":true,"href":"https:\/\/radiokfor.com\/2\/wp-json\/wp\/v2\/users\/7"}],"replies":[{"embeddable":true,"href":"https:\/\/radiokfor.com\/2\/wp-json\/wp\/v2\/comments?post=14284"}],"version-history":[{"count":1,"href":"https:\/\/radiokfor.com\/2\/wp-json\/wp\/v2\/posts\/14284\/revisions"}],"predecessor-version":[{"id":14286,"href":"https:\/\/radiokfor.com\/2\/wp-json\/wp\/v2\/posts\/14284\/revisions\/14286"}],"wp:featuredmedia":[{"embeddable":true,"href":"https:\/\/radiokfor.com\/2\/wp-json\/wp\/v2\/media\/14285"}],"wp:attachment":[{"href":"https:\/\/radiokfor.com\/2\/wp-json\/wp\/v2\/media?parent=14284"}],"wp:term":[{"taxonomy":"category","embeddable":true,"href":"https:\/\/radiokfor.com\/2\/wp-json\/wp\/v2\/categories?post=14284"},{"taxonomy":"post_tag","embeddable":true,"href":"https:\/\/radiokfor.com\/2\/wp-json\/wp\/v2\/tags?post=14284"}],"curies":[{"name":"wp","href":"https:\/\/api.w.org\/{rel}","templated":true}]}}