{"id":14276,"date":"2021-11-24T08:11:51","date_gmt":"2021-11-24T08:11:51","guid":{"rendered":"https:\/\/radiokfor.com\/2\/?p=14276"},"modified":"2021-11-24T08:11:51","modified_gmt":"2021-11-24T08:11:51","slug":"do-mira-ravnopravnoscu-i-postovanjem-razlicitosti","status":"publish","type":"post","link":"https:\/\/radiokfor.com\/2\/do-mira-ravnopravnoscu-i-postovanjem-razlicitosti\/","title":{"rendered":"Do mira ravnopravno\u0161\u0107u i po\u0161tovanjem razli\u010ditosti"},"content":{"rendered":"<p>Rad na pomirenju i pronala\u017eenju mirnih re\u0161enja u multietni\u010dkim i multikulturnim dru\u0161tvima mo\u017ee biti dug i mukotrpan, ali su takva re\u0161enja, kao po pravilu, dugotrajna i prihvatljiva za sve.<\/p>\n<p>O zna\u010daju rada u ovakvom okru\u017eenju, sa organizacijama i pojedincima koji imaju isti cilj \u2013 mir i pomirenje, razgovarali smo sa volonterkom i aktivistkinjom Lidijom Ma\u0161i\u0107.<\/p>\n<p><em>\u201eSvako od nas je svestan da razli\u010ditosti u smislu kulture, jezika i veroispovesti mogu da prouzrokuju neke promene u mi\u0161ljenju ili utisku o drugim osobama. Zapravo smatram da je to sasvim normalno. Sa malo \u017eelje, tolerancije, fleksibilnosti to se mo\u017ee lako prevazi\u0107i. Bitno iskustvo rada u multietni\u010dkom okru\u017eenju osobu nau\u010di da bude fleksibilna i lako se adaptira na razli\u010ditosti. Nau\u010di da razume i po\u0161tuje kulture i vrednosti drugih ljudi. Tu shvatimo da smo svi ravnopravni, a\u00a0 ravnopravnost je klju\u010dna stvar. \u00a0Ukoliko krenemo ovim putem, svaka saradnja u vezi sa pomirenjem i mirom na ovim prostorima bi bila uspe\u0161na.\u201c<\/em><\/p>\n<p>Lidija dodaje da bi svi trebali da diskutuju o razli\u010ditostima, da ih razumeju, da neguju svoje, ali i da po\u0161tuju tu\u0111e!<\/p>\n","protected":false},"excerpt":{"rendered":"<p>Rad na pomirenju i pronala\u017eenju mirnih re\u0161enja u multietni\u010dkim i multikulturnim dru\u0161tvima mo\u017ee biti dug i mukotrpan, ali su takva re\u0161enja, kao po pravilu, dugotrajna i prihvatljiva za sve. O zna\u010daju rada u ovakvom okru\u017eenju, sa organizacijama i pojedincima koji imaju isti cilj \u2013 mir i pomirenje, razgovarali smo sa volonterkom i aktivistkinjom Lidijom Ma\u0161i\u0107.&hellip;<\/p>\n","protected":false},"author":2,"featured_media":14277,"comment_status":"closed","ping_status":"closed","sticky":false,"template":"","format":"standard","meta":{"footnotes":""},"categories":[2],"tags":[],"class_list":["post-14276","post","type-post","status-publish","format-standard","has-post-thumbnail","hentry","category-news","category-2","description-off"],"_links":{"self":[{"href":"https:\/\/radiokfor.com\/2\/wp-json\/wp\/v2\/posts\/14276","targetHints":{"allow":["GET"]}}],"collection":[{"href":"https:\/\/radiokfor.com\/2\/wp-json\/wp\/v2\/posts"}],"about":[{"href":"https:\/\/radiokfor.com\/2\/wp-json\/wp\/v2\/types\/post"}],"author":[{"embeddable":true,"href":"https:\/\/radiokfor.com\/2\/wp-json\/wp\/v2\/users\/2"}],"replies":[{"embeddable":true,"href":"https:\/\/radiokfor.com\/2\/wp-json\/wp\/v2\/comments?post=14276"}],"version-history":[{"count":1,"href":"https:\/\/radiokfor.com\/2\/wp-json\/wp\/v2\/posts\/14276\/revisions"}],"predecessor-version":[{"id":14278,"href":"https:\/\/radiokfor.com\/2\/wp-json\/wp\/v2\/posts\/14276\/revisions\/14278"}],"wp:featuredmedia":[{"embeddable":true,"href":"https:\/\/radiokfor.com\/2\/wp-json\/wp\/v2\/media\/14277"}],"wp:attachment":[{"href":"https:\/\/radiokfor.com\/2\/wp-json\/wp\/v2\/media?parent=14276"}],"wp:term":[{"taxonomy":"category","embeddable":true,"href":"https:\/\/radiokfor.com\/2\/wp-json\/wp\/v2\/categories?post=14276"},{"taxonomy":"post_tag","embeddable":true,"href":"https:\/\/radiokfor.com\/2\/wp-json\/wp\/v2\/tags?post=14276"}],"curies":[{"name":"wp","href":"https:\/\/api.w.org\/{rel}","templated":true}]}}