{"id":14239,"date":"2021-11-21T09:12:34","date_gmt":"2021-11-21T09:12:34","guid":{"rendered":"http:\/\/radiokfor.com\/2\/?p=14239"},"modified":"2021-11-21T09:15:53","modified_gmt":"2021-11-21T09:15:53","slug":"svetski-dan-televizije-2","status":"publish","type":"post","link":"https:\/\/radiokfor.com\/2\/svetski-dan-televizije-2\/","title":{"rendered":"Svetski dan televizije"},"content":{"rendered":"<p>Ujedinjene nacije su 1996. godine donele odluku da \u0107e 21. novembar biti Svetski dan televizije, jer je tada odr\u017ean prvi Svetski televizijski forum na kojem su se okupile klju\u010dne medijske li\u010dnosti kako bi govorile o porastu zna\u010daja televizije.<\/p>\n<p>Re\u010d televizija je prvi put upotrebljena 1900. godine, na me\u0111unarodnom kongresu u Parizu, u delu Elektri\u010dna televizija. Nedugo zatim jedan francuski bibliotekar je grupi\u0161u\u0107i radove koji su se odnosili na elektri\u010dno preno\u0161enje slika na daljinu tako\u0111e iskoristio izraz \u201etelevizija\u201c. Iako je ovaj izraz u su\u0161tini neta\u010dan op\u0161te je prihva\u0107en i bilo ga je nemogu\u0107e promeniti, a u bukvalnom prevodu zna\u010di \u201egledanje na daljinu\u201c.<\/p>\n<p>Za dan ro\u0111enja televizije uzima se 25. april 1925. godine, kad je Britanac Berd u Londonu preneo sliku lutke iz potkrovlja u radnju u prizemlju, gde je bio montiran prijemnik.<\/p>\n<p>Televizija je odolela izazovima vremena, pa je i danas dominantan medij. Pandemija korona virusa pokazala je da je uloga televizije u informisanju i dalje velika.<\/p>\n<p>Istra\u017eivanja pokazuju da \u0161to su gledaoci stariji, skloniji su tome da kao primarni izvor svakodnevnog informisanja koriste upravo televiziju.<\/p>\n","protected":false},"excerpt":{"rendered":"<p>Ujedinjene nacije su 1996. godine donele odluku da \u0107e 21. novembar biti Svetski dan televizije, jer je tada odr\u017ean prvi Svetski televizijski forum na kojem su se okupile klju\u010dne medijske li\u010dnosti kako bi govorile o porastu zna\u010daja televizije. Re\u010d televizija je prvi put upotrebljena 1900. godine, na me\u0111unarodnom kongresu u Parizu, u delu Elektri\u010dna televizija.&hellip;<\/p>\n","protected":false},"author":9,"featured_media":14240,"comment_status":"closed","ping_status":"closed","sticky":false,"template":"","format":"standard","meta":{"footnotes":""},"categories":[2],"tags":[],"class_list":["post-14239","post","type-post","status-publish","format-standard","has-post-thumbnail","hentry","category-news","category-2","description-off"],"_links":{"self":[{"href":"https:\/\/radiokfor.com\/2\/wp-json\/wp\/v2\/posts\/14239","targetHints":{"allow":["GET"]}}],"collection":[{"href":"https:\/\/radiokfor.com\/2\/wp-json\/wp\/v2\/posts"}],"about":[{"href":"https:\/\/radiokfor.com\/2\/wp-json\/wp\/v2\/types\/post"}],"author":[{"embeddable":true,"href":"https:\/\/radiokfor.com\/2\/wp-json\/wp\/v2\/users\/9"}],"replies":[{"embeddable":true,"href":"https:\/\/radiokfor.com\/2\/wp-json\/wp\/v2\/comments?post=14239"}],"version-history":[{"count":2,"href":"https:\/\/radiokfor.com\/2\/wp-json\/wp\/v2\/posts\/14239\/revisions"}],"predecessor-version":[{"id":14242,"href":"https:\/\/radiokfor.com\/2\/wp-json\/wp\/v2\/posts\/14239\/revisions\/14242"}],"wp:featuredmedia":[{"embeddable":true,"href":"https:\/\/radiokfor.com\/2\/wp-json\/wp\/v2\/media\/14240"}],"wp:attachment":[{"href":"https:\/\/radiokfor.com\/2\/wp-json\/wp\/v2\/media?parent=14239"}],"wp:term":[{"taxonomy":"category","embeddable":true,"href":"https:\/\/radiokfor.com\/2\/wp-json\/wp\/v2\/categories?post=14239"},{"taxonomy":"post_tag","embeddable":true,"href":"https:\/\/radiokfor.com\/2\/wp-json\/wp\/v2\/tags?post=14239"}],"curies":[{"name":"wp","href":"https:\/\/api.w.org\/{rel}","templated":true}]}}