{"id":14120,"date":"2021-11-09T10:15:37","date_gmt":"2021-11-09T10:15:37","guid":{"rendered":"http:\/\/radiokfor.com\/2\/?p=14120"},"modified":"2021-11-09T10:15:37","modified_gmt":"2021-11-09T10:15:37","slug":"danas-se-obelezava-svetski-dan-slobode-2","status":"publish","type":"post","link":"https:\/\/radiokfor.com\/2\/danas-se-obelezava-svetski-dan-slobode-2\/","title":{"rendered":"Danas se obele\u017eava Svetski dan slobode"},"content":{"rendered":"<p>Svetski dan slobode je god\u0161nji praznik koji se obele\u017eava u Sjedinjenim Ameri\u010dkim Dr\u017eavama.<\/p>\n<p>Ovaj dan se obele\u017eava na inicijativu biv\u0161eg ameri\u010dkog predsednika D\u017eord\u017ea Bu\u0161a od 2001. godine.<\/p>\n<p>Na dana\u0161nji dan sru\u0161en je Berlinski zid koji je sagra\u0111en 1961. godine, a sru\u0161en 1990. Zid je skoro tri decenije razdvajao porodice i zajednice. Obele\u017eavanje ovog dana nema neke posebne veze sa samim zidom koji je razdvajao Nema\u010dku, ve\u0107 sa onim \u0161ta je ru\u0161enje zida predstavljalo za \u010ditav svet.<\/p>\n<p>Na dana\u0161nji dan, odnosno na Svetski dan slobode, u Sjedinjenim dr\u017eavama se slavi uspon demokratije i slobode.<\/p>\n<p>&nbsp;<\/p>\n","protected":false},"excerpt":{"rendered":"<p>Svetski dan slobode je god\u0161nji praznik koji se obele\u017eava u Sjedinjenim Ameri\u010dkim Dr\u017eavama. Ovaj dan se obele\u017eava na inicijativu biv\u0161eg ameri\u010dkog predsednika D\u017eord\u017ea Bu\u0161a od 2001. godine. Na dana\u0161nji dan sru\u0161en je Berlinski zid koji je sagra\u0111en 1961. godine, a sru\u0161en 1990. Zid je skoro tri decenije razdvajao porodice i zajednice. Obele\u017eavanje ovog dana nema&hellip;<\/p>\n","protected":false},"author":7,"featured_media":14121,"comment_status":"closed","ping_status":"closed","sticky":false,"template":"","format":"standard","meta":{"footnotes":""},"categories":[2],"tags":[],"class_list":["post-14120","post","type-post","status-publish","format-standard","has-post-thumbnail","hentry","category-news","category-2","description-off"],"_links":{"self":[{"href":"https:\/\/radiokfor.com\/2\/wp-json\/wp\/v2\/posts\/14120","targetHints":{"allow":["GET"]}}],"collection":[{"href":"https:\/\/radiokfor.com\/2\/wp-json\/wp\/v2\/posts"}],"about":[{"href":"https:\/\/radiokfor.com\/2\/wp-json\/wp\/v2\/types\/post"}],"author":[{"embeddable":true,"href":"https:\/\/radiokfor.com\/2\/wp-json\/wp\/v2\/users\/7"}],"replies":[{"embeddable":true,"href":"https:\/\/radiokfor.com\/2\/wp-json\/wp\/v2\/comments?post=14120"}],"version-history":[{"count":1,"href":"https:\/\/radiokfor.com\/2\/wp-json\/wp\/v2\/posts\/14120\/revisions"}],"predecessor-version":[{"id":14122,"href":"https:\/\/radiokfor.com\/2\/wp-json\/wp\/v2\/posts\/14120\/revisions\/14122"}],"wp:featuredmedia":[{"embeddable":true,"href":"https:\/\/radiokfor.com\/2\/wp-json\/wp\/v2\/media\/14121"}],"wp:attachment":[{"href":"https:\/\/radiokfor.com\/2\/wp-json\/wp\/v2\/media?parent=14120"}],"wp:term":[{"taxonomy":"category","embeddable":true,"href":"https:\/\/radiokfor.com\/2\/wp-json\/wp\/v2\/categories?post=14120"},{"taxonomy":"post_tag","embeddable":true,"href":"https:\/\/radiokfor.com\/2\/wp-json\/wp\/v2\/tags?post=14120"}],"curies":[{"name":"wp","href":"https:\/\/api.w.org\/{rel}","templated":true}]}}