{"id":14115,"date":"2021-11-10T00:00:06","date_gmt":"2021-11-10T00:00:06","guid":{"rendered":"http:\/\/radiokfor.com\/2\/?p=14115"},"modified":"2021-11-08T13:04:13","modified_gmt":"2021-11-08T13:04:13","slug":"gradimo-zajedno-mir","status":"publish","type":"post","link":"https:\/\/radiokfor.com\/2\/gradimo-zajedno-mir\/","title":{"rendered":"Gradimo zajedno mir!"},"content":{"rendered":"<p>Mladi, kao nada za pomirenje i mir mogu da prevazi\u0111u sve ono \u0161to pro\u0161lost nosi i zajedno stvore bolju, mirniju budu\u0107nost. Sa ciljem stvaranja dijaloga izme\u0111u mladih na Kosovu, naro\u010dito Srba i Albanaca, NVO \u201eLocal Peace\u201c iz Leposavi\u0107a organizuje \u201eKamp mira\u201c.<\/p>\n<p><em>\u201eIdeja za kamp nastala je nakon velikog pan-evropskog doga\u0111aja pod imenom \u201eOmladinska nedelja mira\u201d, koji se odr\u017eao u julu ove godine. Zamisao kampa jeste da okupi mlade sa prostora Kosova, nezavisno od toga kojoj zajednici pripadaju i pribli\u017ei ideju mira, transformacije konflikta i pomirenja kroz rad na svakodnevnom nivou\u201c,<\/em> rekla je Nevena Radosavljevi\u0107, trener i koordinator projekta, uz obja\u0161njenje da je ovaj kamp zapravo trening kojim \u017eele da obu\u010de mlade ljude da budu aktivni akteri mira na Kosovu i da na tome rade na svakodnevnom nivou.<\/p>\n<p><em>\u201e\u017diveti u miru i po\u0161tovati druge nema cenu. A svima nama tog mira odavno treba. Jedino zajedno mo\u017eemo da stvorimo taj mir. Polako i malim koracima, a svaki korak ka miru se ra\u010duna. Zato pozivam sve koji su zainteresovani da nam se pridru\u017ee i da zajedno gradimo taj preko potrebni mir\u201c<\/em>, zaklju\u010duje Nevena.<\/p>\n<p>\u201eKamp mira\u201c odr\u017ea\u0107e se od 01. do 05. decembra u Leposavi\u0107u, za u\u010de\u0161\u0107e se mogu prijaviti osobe starosti od 18 do 30 godina koje \u017eive na Kosovu, a <a href=\"https:\/\/docs.google.com\/forms\/d\/e\/1FAIpQLSctGuXXZDmT6aJ8kOhQtmsoY4pCpG731p2KV6f3mHTGTPZSUg\/viewform?fbclid=IwAR1Jj5-Nl80pLu0s9bMTWPmzYGsQOiljcOdx_CpPL8CgqmeTgXGgulFOTXc\">prijave<\/a> su otvorene do 15. novembra.<\/p>\n","protected":false},"excerpt":{"rendered":"<p>Mladi, kao nada za pomirenje i mir mogu da prevazi\u0111u sve ono \u0161to pro\u0161lost nosi i zajedno stvore bolju, mirniju budu\u0107nost. Sa ciljem stvaranja dijaloga izme\u0111u mladih na Kosovu, naro\u010dito Srba i Albanaca, NVO \u201eLocal Peace\u201c iz Leposavi\u0107a organizuje \u201eKamp mira\u201c. \u201eIdeja za kamp nastala je nakon velikog pan-evropskog doga\u0111aja pod imenom \u201eOmladinska nedelja mira\u201d,&hellip;<\/p>\n","protected":false},"author":11,"featured_media":14116,"comment_status":"closed","ping_status":"closed","sticky":false,"template":"","format":"standard","meta":{"footnotes":""},"categories":[2],"tags":[2926,2927],"class_list":["post-14115","post","type-post","status-publish","format-standard","has-post-thumbnail","hentry","category-news","tag-kamp-mira","tag-local-peace","category-2","description-off"],"_links":{"self":[{"href":"https:\/\/radiokfor.com\/2\/wp-json\/wp\/v2\/posts\/14115","targetHints":{"allow":["GET"]}}],"collection":[{"href":"https:\/\/radiokfor.com\/2\/wp-json\/wp\/v2\/posts"}],"about":[{"href":"https:\/\/radiokfor.com\/2\/wp-json\/wp\/v2\/types\/post"}],"author":[{"embeddable":true,"href":"https:\/\/radiokfor.com\/2\/wp-json\/wp\/v2\/users\/11"}],"replies":[{"embeddable":true,"href":"https:\/\/radiokfor.com\/2\/wp-json\/wp\/v2\/comments?post=14115"}],"version-history":[{"count":1,"href":"https:\/\/radiokfor.com\/2\/wp-json\/wp\/v2\/posts\/14115\/revisions"}],"predecessor-version":[{"id":14117,"href":"https:\/\/radiokfor.com\/2\/wp-json\/wp\/v2\/posts\/14115\/revisions\/14117"}],"wp:featuredmedia":[{"embeddable":true,"href":"https:\/\/radiokfor.com\/2\/wp-json\/wp\/v2\/media\/14116"}],"wp:attachment":[{"href":"https:\/\/radiokfor.com\/2\/wp-json\/wp\/v2\/media?parent=14115"}],"wp:term":[{"taxonomy":"category","embeddable":true,"href":"https:\/\/radiokfor.com\/2\/wp-json\/wp\/v2\/categories?post=14115"},{"taxonomy":"post_tag","embeddable":true,"href":"https:\/\/radiokfor.com\/2\/wp-json\/wp\/v2\/tags?post=14115"}],"curies":[{"name":"wp","href":"https:\/\/api.w.org\/{rel}","templated":true}]}}