{"id":14070,"date":"2021-11-03T11:21:02","date_gmt":"2021-11-03T11:21:02","guid":{"rendered":"http:\/\/radiokfor.com\/2\/?p=14070"},"modified":"2021-11-03T11:21:02","modified_gmt":"2021-11-03T11:21:02","slug":"pesacka-tura-za-zdraviju-zivotnu-sredinu","status":"publish","type":"post","link":"https:\/\/radiokfor.com\/2\/pesacka-tura-za-zdraviju-zivotnu-sredinu\/","title":{"rendered":"Pe\u0161a\u010dka tura za zdraviju \u017eivotnu sredinu"},"content":{"rendered":"<p>\u017divotnu sredinu nismo dobili na poklon, ve\u0107 smo je pozajmili od budu\u0107ih generacija. Kakvu \u0107emo im je vratiti zavisi od svih nas. Kosovo pored bogatog kulturnog nasle\u0111a krase i prirodne lopote koje moramo sa\u010duvati za budu\u0107e nara\u0161taje svi zajedno.<\/p>\n<p>Prepoznav\u0161i potrebu za podizanjem ekolo\u0161ke svesti mladih, <strong>Omladinski savet Gra\u010danice <\/strong>uz podr\u0161ku <strong>USAID<\/strong>-a kroz aktivnost \u201eSaradnja izme\u0111u zajednica\u201c organizovao je dve multietni\u010dke pe\u0161a\u010dke ture. Prva pe\u0161a\u010dka tura organizovana je u aprilu, dok \u0107e se druga odr\u017eati u petak (5. novembra).<\/p>\n<p>Iz Omladinskog saveta Gra\u010danice napominju da je cilj pe\u0161a\u010dke ture da se kroz \u0161etnju i upoznavaje okoline skrene pa\u017enja na zna\u010daj o\u010duvanja \u017eivotne sredine.<\/p>\n<p>\u201e<em>Ono \u0161to je bitno i \u0161to \u017eelimo\u00a0 da istaknemo je da pravo u\u010de\u0161\u0107a u ovoj pe\u0161a\u010dkoj turi imaju sve zajednice na teritoriji op\u0161tine Gra\u010danica i da je cilj da kroz \u0161etnju prikupimo \u0161to vi\u0161e otpada koji je ba\u010den du\u017e pe\u0161a\u010dke staze, a da na taj na\u010din po\u0161aljemo poruku koliko je bitno o\u010duvanje \u017eivotne sredine<\/em>\u201c, rekla je menad\u017eer Omladinskog saveta Gra\u010danice, <strong>Kristina Jevti\u0107<\/strong>.<\/p>\n<p>Svi zainteresovani se mogu prijaviti putem dru\u0161tvenih mre\u017ea <a href=\"https:\/\/www.facebook.com\/lyac.gracanica\">fejsbuka<\/a> i instagrama gde \u0107e prona\u0107i i sve detalje. Zbog antikovid mera broj u\u010desnika je ograni\u010den, a prijava traje do 4. novembra.<\/p>\n","protected":false},"excerpt":{"rendered":"<p>\u017divotnu sredinu nismo dobili na poklon, ve\u0107 smo je pozajmili od budu\u0107ih generacija. Kakvu \u0107emo im je vratiti zavisi od svih nas. Kosovo pored bogatog kulturnog nasle\u0111a krase i prirodne lopote koje moramo sa\u010duvati za budu\u0107e nara\u0161taje svi zajedno. Prepoznav\u0161i potrebu za podizanjem ekolo\u0161ke svesti mladih, Omladinski savet Gra\u010danice uz podr\u0161ku USAID-a kroz aktivnost \u201eSaradnja&hellip;<\/p>\n","protected":false},"author":7,"featured_media":14071,"comment_status":"closed","ping_status":"closed","sticky":false,"template":"","format":"standard","meta":{"footnotes":""},"categories":[2],"tags":[],"class_list":["post-14070","post","type-post","status-publish","format-standard","has-post-thumbnail","hentry","category-news","category-2","description-off"],"_links":{"self":[{"href":"https:\/\/radiokfor.com\/2\/wp-json\/wp\/v2\/posts\/14070","targetHints":{"allow":["GET"]}}],"collection":[{"href":"https:\/\/radiokfor.com\/2\/wp-json\/wp\/v2\/posts"}],"about":[{"href":"https:\/\/radiokfor.com\/2\/wp-json\/wp\/v2\/types\/post"}],"author":[{"embeddable":true,"href":"https:\/\/radiokfor.com\/2\/wp-json\/wp\/v2\/users\/7"}],"replies":[{"embeddable":true,"href":"https:\/\/radiokfor.com\/2\/wp-json\/wp\/v2\/comments?post=14070"}],"version-history":[{"count":1,"href":"https:\/\/radiokfor.com\/2\/wp-json\/wp\/v2\/posts\/14070\/revisions"}],"predecessor-version":[{"id":14072,"href":"https:\/\/radiokfor.com\/2\/wp-json\/wp\/v2\/posts\/14070\/revisions\/14072"}],"wp:featuredmedia":[{"embeddable":true,"href":"https:\/\/radiokfor.com\/2\/wp-json\/wp\/v2\/media\/14071"}],"wp:attachment":[{"href":"https:\/\/radiokfor.com\/2\/wp-json\/wp\/v2\/media?parent=14070"}],"wp:term":[{"taxonomy":"category","embeddable":true,"href":"https:\/\/radiokfor.com\/2\/wp-json\/wp\/v2\/categories?post=14070"},{"taxonomy":"post_tag","embeddable":true,"href":"https:\/\/radiokfor.com\/2\/wp-json\/wp\/v2\/tags?post=14070"}],"curies":[{"name":"wp","href":"https:\/\/api.w.org\/{rel}","templated":true}]}}