{"id":14020,"date":"2021-11-01T00:00:20","date_gmt":"2021-11-01T00:00:20","guid":{"rendered":"http:\/\/radiokfor.com\/2\/?p=14020"},"modified":"2021-10-29T08:37:55","modified_gmt":"2021-10-29T08:37:55","slug":"meduetnicka-saradnja-prednost-zivota-na-kosovu","status":"publish","type":"post","link":"https:\/\/radiokfor.com\/2\/meduetnicka-saradnja-prednost-zivota-na-kosovu\/","title":{"rendered":"Me\u0111uetni\u010dka saradnja, prednost \u017eivota na Kosovu"},"content":{"rendered":"<p>Kosovo je savr\u0161en primer lepote razli\u010ditosti sa otvorenim dru\u0161tvom koje prihvata svoju etni\u010dku i kulturnu raznolikost. Jedan takav konkretan primer je saradnja Ekrema Merovcija i Dejana Mili\u0107a koji dugi niz godina dele kancelariju u op\u0161tini u Vu\u010ditrnu.<\/p>\n<p><em>\u201ePored toga \u0161to zajedno radimo i sara\u0111ujemo na poslu, mi smo pre svega dobri prijatelji\u201c<\/em>, ka\u017ee op\u0161tinski koordinator za povratak i zajednice u op\u0161tini Vu\u010ditrn Ekrem Merovci, <em>\u201eNa\u0161 odnos kao zaposlenih je veoma dobar. Ne pravimo razlike u pogledu da je on Srbin a ja Albanac, mi smo pre svega ljudi, kolege, koje sara\u0111uju, zajedno odlaze na kafu, dru\u017ee se. Na\u0161e porodice se dru\u017ee. Mislim da smo jedna od op\u0161tina sa veoma dobrom me\u0111uetni\u010dkom saradnjom i mo\u017eemo da budemo dobar primer drugim op\u0161tinama. Zato svim ljudima na Kosovu poru\u010dujem da ostave po strani razlike i da rade zajedno, zarad budu\u0107nosti na\u0161e dece, i boljeg \u017eivota.\u201d<\/em><\/p>\n<p>Dejan Mili\u0107, administrativni radnik Kancelarije za zajednice i povratak u op\u0161tini Vu\u010ditrn ve\u0107 13 godina uspe\u0161no sara\u0111uje sa pripadnicima drugih zajednica.<\/p>\n<p>\u201e<em>Za kolege i sugra\u0111ane imam samo re\u010di hvale. Iako dobro razumem albanski jezik, isti slabije govorim, ali mi to ne predstavlja problem, jer mi kolege uvek izlaze u susret, i ne samo meni ve\u0107 i ostalim Srbima koji u na\u0161u op\u0161tinu dolaze. Ista situacija je i u gradu gde \u010desto sa svojom porodicom zavr\u0161avam privatne obaveze ili jednostavno odlazimo u \u0161etnju ili kupovinu. Potrebno je da svi te\u017eimo po\u0161tovanju i da gradimo poverenje, a to mo\u017eemo u\u010diniti komunikacijom i organizovanjem multietni\u010dkih doga\u0111aja i slogom.\u201c<\/em><\/p>\n<p>Prihvataju\u0107i i po\u0161tuju\u0107i etni\u010dku i kulturnu raznolikost, mi stvaramo napredno dru\u0161tvo!<\/p>\n","protected":false},"excerpt":{"rendered":"<p>Kosovo je savr\u0161en primer lepote razli\u010ditosti sa otvorenim dru\u0161tvom koje prihvata svoju etni\u010dku i kulturnu raznolikost. Jedan takav konkretan primer je saradnja Ekrema Merovcija i Dejana Mili\u0107a koji dugi niz godina dele kancelariju u op\u0161tini u Vu\u010ditrnu. \u201ePored toga \u0161to zajedno radimo i sara\u0111ujemo na poslu, mi smo pre svega dobri prijatelji\u201c, ka\u017ee op\u0161tinski koordinator&hellip;<\/p>\n","protected":false},"author":11,"featured_media":14021,"comment_status":"closed","ping_status":"closed","sticky":false,"template":"","format":"standard","meta":{"footnotes":""},"categories":[2],"tags":[199,2918,130],"class_list":["post-14020","post","type-post","status-publish","format-standard","has-post-thumbnail","hentry","category-news","tag-kosovo","tag-multietnicka-saradnja","tag-vucitrn","category-2","description-off"],"_links":{"self":[{"href":"https:\/\/radiokfor.com\/2\/wp-json\/wp\/v2\/posts\/14020","targetHints":{"allow":["GET"]}}],"collection":[{"href":"https:\/\/radiokfor.com\/2\/wp-json\/wp\/v2\/posts"}],"about":[{"href":"https:\/\/radiokfor.com\/2\/wp-json\/wp\/v2\/types\/post"}],"author":[{"embeddable":true,"href":"https:\/\/radiokfor.com\/2\/wp-json\/wp\/v2\/users\/11"}],"replies":[{"embeddable":true,"href":"https:\/\/radiokfor.com\/2\/wp-json\/wp\/v2\/comments?post=14020"}],"version-history":[{"count":1,"href":"https:\/\/radiokfor.com\/2\/wp-json\/wp\/v2\/posts\/14020\/revisions"}],"predecessor-version":[{"id":14022,"href":"https:\/\/radiokfor.com\/2\/wp-json\/wp\/v2\/posts\/14020\/revisions\/14022"}],"wp:featuredmedia":[{"embeddable":true,"href":"https:\/\/radiokfor.com\/2\/wp-json\/wp\/v2\/media\/14021"}],"wp:attachment":[{"href":"https:\/\/radiokfor.com\/2\/wp-json\/wp\/v2\/media?parent=14020"}],"wp:term":[{"taxonomy":"category","embeddable":true,"href":"https:\/\/radiokfor.com\/2\/wp-json\/wp\/v2\/categories?post=14020"},{"taxonomy":"post_tag","embeddable":true,"href":"https:\/\/radiokfor.com\/2\/wp-json\/wp\/v2\/tags?post=14020"}],"curies":[{"name":"wp","href":"https:\/\/api.w.org\/{rel}","templated":true}]}}