{"id":13959,"date":"2021-10-27T00:00:47","date_gmt":"2021-10-27T00:00:47","guid":{"rendered":"http:\/\/radiokfor.com\/2\/?p=13959"},"modified":"2021-10-22T14:01:04","modified_gmt":"2021-10-22T14:01:04","slug":"svetski-dan-audiovizuelne-kuturne-bastine","status":"publish","type":"post","link":"https:\/\/radiokfor.com\/2\/svetski-dan-audiovizuelne-kuturne-bastine\/","title":{"rendered":"Svetski dan audiovizuelne kuturne ba\u0161tine"},"content":{"rendered":"<p>Ideja da 27. oktobar bude progla\u0161en za Svetski dan audiovizuelne kuturne ba\u0161tine je da se na ovaj na\u010din podigne svest o potrebi hitne za\u0161tite audio-vizuelnog nasle\u0111a.<\/p>\n<p>Audiovizuelne arhive predstavljaju neprocenjivo nasle\u0111e koje je potvrda na\u0161eg kolektivnog pamc\u0301enja i dragocen izvor znanja jer odra\u017eavaju kulturnu, socijalnu i jezi\u010dku raznolikost na\u0161ih zajednica.<\/p>\n<p><em>\u201eBez podizanja kolektivne svesti o zna\u010daju za\u0161tite ovog blaga, trend da se izgubi ili zanemari, zbog \u010dega ne mo\u017ee da se povrati iz stanja propadanja, na \u017ealost, postoji svuda. Zato je va\u017eno sa\u010duvati audiovizuelno nasle\u0111e jer je to kolektivno se\u0107anje, i neophodno je da se obezbedi adekvatan na\u010din \u010duvanja tog materijala. Arhiviranje je jedno od re\u0161enja ali cilj je da to bude \u017eiva gra\u0111a koja mo\u017ee neprofitno da se razmenjuje, a ne da se skladi\u0161ti\u201c,<\/em> re\u010di su video monta\u017eera Miodraga Leki\u0107a.<\/p>\n<p>Previ\u0161e je ve\u0107 izgubljeno zbog toga \u0161to je bila zanemarivana njegova vrednost, zbog hemijskih o\u0161te\u0107enja ili tehnolo\u0161ke prevazi\u0111enosti. Podse\u0107anje na zna\u010daj ovog kulturnog nasle\u0111a uslov je njegovog opstanka. Sa\u010duvajmo ga zajedno!<\/p>\n","protected":false},"excerpt":{"rendered":"<p>Ideja da 27. oktobar bude progla\u0161en za Svetski dan audiovizuelne kuturne ba\u0161tine je da se na ovaj na\u010din podigne svest o potrebi hitne za\u0161tite audio-vizuelnog nasle\u0111a. Audiovizuelne arhive predstavljaju neprocenjivo nasle\u0111e koje je potvrda na\u0161eg kolektivnog pamc\u0301enja i dragocen izvor znanja jer odra\u017eavaju kulturnu, socijalnu i jezi\u010dku raznolikost na\u0161ih zajednica. \u201eBez podizanja kolektivne svesti o&hellip;<\/p>\n","protected":false},"author":11,"featured_media":13960,"comment_status":"closed","ping_status":"closed","sticky":false,"template":"","format":"standard","meta":{"footnotes":""},"categories":[2],"tags":[2054,2914],"class_list":["post-13959","post","type-post","status-publish","format-standard","has-post-thumbnail","hentry","category-news","tag-miodrag-lekic","tag-svetski-dan-audiovizuelne-kuturne-bastine","category-2","description-off"],"_links":{"self":[{"href":"https:\/\/radiokfor.com\/2\/wp-json\/wp\/v2\/posts\/13959","targetHints":{"allow":["GET"]}}],"collection":[{"href":"https:\/\/radiokfor.com\/2\/wp-json\/wp\/v2\/posts"}],"about":[{"href":"https:\/\/radiokfor.com\/2\/wp-json\/wp\/v2\/types\/post"}],"author":[{"embeddable":true,"href":"https:\/\/radiokfor.com\/2\/wp-json\/wp\/v2\/users\/11"}],"replies":[{"embeddable":true,"href":"https:\/\/radiokfor.com\/2\/wp-json\/wp\/v2\/comments?post=13959"}],"version-history":[{"count":1,"href":"https:\/\/radiokfor.com\/2\/wp-json\/wp\/v2\/posts\/13959\/revisions"}],"predecessor-version":[{"id":13961,"href":"https:\/\/radiokfor.com\/2\/wp-json\/wp\/v2\/posts\/13959\/revisions\/13961"}],"wp:featuredmedia":[{"embeddable":true,"href":"https:\/\/radiokfor.com\/2\/wp-json\/wp\/v2\/media\/13960"}],"wp:attachment":[{"href":"https:\/\/radiokfor.com\/2\/wp-json\/wp\/v2\/media?parent=13959"}],"wp:term":[{"taxonomy":"category","embeddable":true,"href":"https:\/\/radiokfor.com\/2\/wp-json\/wp\/v2\/categories?post=13959"},{"taxonomy":"post_tag","embeddable":true,"href":"https:\/\/radiokfor.com\/2\/wp-json\/wp\/v2\/tags?post=13959"}],"curies":[{"name":"wp","href":"https:\/\/api.w.org\/{rel}","templated":true}]}}