{"id":13843,"date":"2021-10-11T08:19:29","date_gmt":"2021-10-11T08:19:29","guid":{"rendered":"http:\/\/radiokfor.com\/2\/?p=13843"},"modified":"2021-10-11T08:19:29","modified_gmt":"2021-10-11T08:19:29","slug":"pocinje-evropska-nedelja-gradova-i-regiona","status":"publish","type":"post","link":"https:\/\/radiokfor.com\/2\/pocinje-evropska-nedelja-gradova-i-regiona\/","title":{"rendered":"Po\u010dinje Evropska nedelja gradova i regiona"},"content":{"rendered":"<p>Ove godine Evropska nedelja gradova i regiona odr\u017ea\u0107e se onlajn u periodu od 11-14. Oktobra 2021. godine pod sloganom \u201cUjedinjeni za oporavak\u201d.<\/p>\n<p><strong>Teme za 2021. godinu su:<\/strong><\/p>\n<p>Zelena tranzicija: za odr\u017eiv i zelen oporavak<\/p>\n<p>Kohezija: od vanredne situacije do izdr\u017eljivosti<\/p>\n<p>Digitalna tranzicija za gra\u0111ane<\/p>\n<p>Gra\u0111ansko u\u010de\u0161\u0107e: za inkluzivan, participativan i pravedan oporavak<\/p>\n<p>Evropska nedelja regiona i gradova je doga\u0111aj koji se odr\u017eava ve\u0107 19. godinu zaredom. Tokom te nedelje predstavnici gradova, op\u0161tina i regiona se okupljaju u Briselu gde predstavljaju svoje kapacitete za stvaranje rasta i radnih mesta za sprovo\u0111enje kohezione politike EU i nagla\u0161avaju i dokazuju va\u017enost lokalnog i regionalnog nivoa za dobro upravljanje u Evropi.<\/p>\n","protected":false},"excerpt":{"rendered":"<p>Ove godine Evropska nedelja gradova i regiona odr\u017ea\u0107e se onlajn u periodu od 11-14. Oktobra 2021. godine pod sloganom \u201cUjedinjeni za oporavak\u201d. Teme za 2021. godinu su: Zelena tranzicija: za odr\u017eiv i zelen oporavak Kohezija: od vanredne situacije do izdr\u017eljivosti Digitalna tranzicija za gra\u0111ane Gra\u0111ansko u\u010de\u0161\u0107e: za inkluzivan, participativan i pravedan oporavak Evropska nedelja regiona&hellip;<\/p>\n","protected":false},"author":7,"featured_media":13844,"comment_status":"closed","ping_status":"closed","sticky":false,"template":"","format":"standard","meta":{"footnotes":""},"categories":[2],"tags":[],"class_list":["post-13843","post","type-post","status-publish","format-standard","has-post-thumbnail","hentry","category-news","category-2","description-off"],"_links":{"self":[{"href":"https:\/\/radiokfor.com\/2\/wp-json\/wp\/v2\/posts\/13843","targetHints":{"allow":["GET"]}}],"collection":[{"href":"https:\/\/radiokfor.com\/2\/wp-json\/wp\/v2\/posts"}],"about":[{"href":"https:\/\/radiokfor.com\/2\/wp-json\/wp\/v2\/types\/post"}],"author":[{"embeddable":true,"href":"https:\/\/radiokfor.com\/2\/wp-json\/wp\/v2\/users\/7"}],"replies":[{"embeddable":true,"href":"https:\/\/radiokfor.com\/2\/wp-json\/wp\/v2\/comments?post=13843"}],"version-history":[{"count":1,"href":"https:\/\/radiokfor.com\/2\/wp-json\/wp\/v2\/posts\/13843\/revisions"}],"predecessor-version":[{"id":13845,"href":"https:\/\/radiokfor.com\/2\/wp-json\/wp\/v2\/posts\/13843\/revisions\/13845"}],"wp:featuredmedia":[{"embeddable":true,"href":"https:\/\/radiokfor.com\/2\/wp-json\/wp\/v2\/media\/13844"}],"wp:attachment":[{"href":"https:\/\/radiokfor.com\/2\/wp-json\/wp\/v2\/media?parent=13843"}],"wp:term":[{"taxonomy":"category","embeddable":true,"href":"https:\/\/radiokfor.com\/2\/wp-json\/wp\/v2\/categories?post=13843"},{"taxonomy":"post_tag","embeddable":true,"href":"https:\/\/radiokfor.com\/2\/wp-json\/wp\/v2\/tags?post=13843"}],"curies":[{"name":"wp","href":"https:\/\/api.w.org\/{rel}","templated":true}]}}