{"id":13833,"date":"2021-10-10T08:56:54","date_gmt":"2021-10-10T08:56:54","guid":{"rendered":"http:\/\/radiokfor.com\/2\/?p=13833"},"modified":"2021-10-10T08:56:54","modified_gmt":"2021-10-10T08:56:54","slug":"danas-je-svetski-dan-mentalnog-zdravlja","status":"publish","type":"post","link":"https:\/\/radiokfor.com\/2\/danas-je-svetski-dan-mentalnog-zdravlja\/","title":{"rendered":"Danas je Svetski dan mentalnog zdravlja"},"content":{"rendered":"<p>Poznato je koliko mentalni poreme\u0107aji mogu biti te\u0161ki za svaku osobu, kao i za njenu okolinu, ali govori li se dovoljno o tome koliko je odlazak psihologu i dalje &#8220;tabu&#8221; tema?<\/p>\n<p>Nije sramota ponekad biti slab i tra\u017eiti oslonac. Nije sramota tra\u017eiti psiholo\u0161ku podr\u0161ku. Nije sramota obratiti se psihologu, psihoterapeutu i drugim stru\u010dnjacima za mentalno zdravlje, savetuje psiholog Tijana Mili\u0107evi\u0107 Miljkovi\u0107.<\/p>\n<p><em>\u201eUticaj sredine mo\u017ee jako uticati na to ho\u0107e li se osoba dobrovoljno i na vreme javiti psihologu, kao i dosta drugih faktora, kao \u0161to su vrsta poreme\u0107aja, vaspitanje osobe, njegov uvid u svoje stanje i td. Usled velike pandemije koja dugo traje, do\u0161lo je i do ve\u0107ih psiholo\u0161kih problema, kako onih ljudi koji ih nikada nisu imali, tako i onih koji se uveliko bore sa svojim mentalnim poreme\u0107ajima. Ne treba se stideti oti\u0107i psihologu, ve\u0107 smatrati da nam stru\u010dno lice mo\u017ee pomo\u0107i da prihvatimo, osvestimo na\u0161e probleme i bolesti, da se lak\u0161e prilagodimo situaciji u kojoj se nalazimo, da imamo podr\u0161ku i pomo\u0107.\u201d<\/em><\/p>\n<p>Nekada nam je potreban samo razgovor, slu\u0161anje, razumevanje, pogotovo sada, u vreme pandemije kada je pove\u0107ana depresivnost, anksioznost, napetost i insomnija kod ljudi.<\/p>\n<p>Psiholog Mili\u0107evi\u0107 Miljkovi\u0107 savetuje da se pri najmanjoj sumnji da se neko ose\u0107a lo\u0161e, treba obratiti psihologu, psihoterapeutu, psihijatru. Svako od nas se suo\u010dava sa nekim krizama u svom \u017eivotu koje mogu biti prolazne, ali i postati te\u017ee i ozbiljnije ukoliko se na vreme ne obratimo za pomo\u0107.<\/p>\n<p>Ovaj dan se obele\u017eava svake godine 10. oktobra sa ciljem podizanja svesti o problemima mentalnog zdravlja \u0161irom sveta. Smatra se da\u00a0svaki \u010detvrti \u010dovek\u00a0do\u017eivi neki mentalni poreme\u0107aj u toku svog \u017eivota.<\/p>\n<p>&nbsp;<\/p>\n<p>&nbsp;<\/p>\n<p>&nbsp;<\/p>\n","protected":false},"excerpt":{"rendered":"<p>Poznato je koliko mentalni poreme\u0107aji mogu biti te\u0161ki za svaku osobu, kao i za njenu okolinu, ali govori li se dovoljno o tome koliko je odlazak psihologu i dalje &#8220;tabu&#8221; tema? Nije sramota ponekad biti slab i tra\u017eiti oslonac. Nije sramota tra\u017eiti psiholo\u0161ku podr\u0161ku. Nije sramota obratiti se psihologu, psihoterapeutu i drugim stru\u010dnjacima za mentalno&hellip;<\/p>\n","protected":false},"author":10,"featured_media":13834,"comment_status":"closed","ping_status":"closed","sticky":false,"template":"","format":"standard","meta":{"footnotes":""},"categories":[2],"tags":[],"class_list":["post-13833","post","type-post","status-publish","format-standard","has-post-thumbnail","hentry","category-news","category-2","description-off"],"_links":{"self":[{"href":"https:\/\/radiokfor.com\/2\/wp-json\/wp\/v2\/posts\/13833","targetHints":{"allow":["GET"]}}],"collection":[{"href":"https:\/\/radiokfor.com\/2\/wp-json\/wp\/v2\/posts"}],"about":[{"href":"https:\/\/radiokfor.com\/2\/wp-json\/wp\/v2\/types\/post"}],"author":[{"embeddable":true,"href":"https:\/\/radiokfor.com\/2\/wp-json\/wp\/v2\/users\/10"}],"replies":[{"embeddable":true,"href":"https:\/\/radiokfor.com\/2\/wp-json\/wp\/v2\/comments?post=13833"}],"version-history":[{"count":1,"href":"https:\/\/radiokfor.com\/2\/wp-json\/wp\/v2\/posts\/13833\/revisions"}],"predecessor-version":[{"id":13839,"href":"https:\/\/radiokfor.com\/2\/wp-json\/wp\/v2\/posts\/13833\/revisions\/13839"}],"wp:featuredmedia":[{"embeddable":true,"href":"https:\/\/radiokfor.com\/2\/wp-json\/wp\/v2\/media\/13834"}],"wp:attachment":[{"href":"https:\/\/radiokfor.com\/2\/wp-json\/wp\/v2\/media?parent=13833"}],"wp:term":[{"taxonomy":"category","embeddable":true,"href":"https:\/\/radiokfor.com\/2\/wp-json\/wp\/v2\/categories?post=13833"},{"taxonomy":"post_tag","embeddable":true,"href":"https:\/\/radiokfor.com\/2\/wp-json\/wp\/v2\/tags?post=13833"}],"curies":[{"name":"wp","href":"https:\/\/api.w.org\/{rel}","templated":true}]}}