{"id":1383,"date":"2018-03-12T08:19:42","date_gmt":"2018-03-12T08:19:42","guid":{"rendered":"http:\/\/radiokfor.com\/2\/?p=1383"},"modified":"2018-11-30T08:21:35","modified_gmt":"2018-11-30T08:21:35","slug":"45-godina-fakulteta-umetnosti-pristina","status":"publish","type":"post","link":"https:\/\/radiokfor.com\/2\/45-godina-fakulteta-umetnosti-pristina\/","title":{"rendered":"45. godina Fakulteta umetnosti Pri\u0161tina"},"content":{"rendered":"<p>Svetislav Bo\u017ei\u0107, kompozitor i univerzitetski profesor, autor je vi\u0161e od 200 kompozicija razli\u010ditih \u017eanrova i jedan je od najzna\u010dajnijih kompozitora srpske duhovne muzike. Njegove kompozicije izvode doma\u0107i i inostrani orkestri i horovi u dvadesetak zemalja. Dobitnik je Vukove, Oktobarske nagrada grada Beograda i priznanja Zlatni beo\u010dug.<\/p>\n<p>Fakultet umetnosti u Mitrovici organizuje autorski koncert uva\u017eenog umetnika, Svetislava Bo\u017ei\u0107a pod nazivom \u201eProsvetljenje\u201c, povodom 45 godina postojanja.<\/p>\n<p>\u201cNa\u0161 savremeni proslavljeni kompozitor, njegova \u0107e dela isklju\u010divo biti na repertoaru i no\u0107as ga o\u010dekujemo da nas podr\u017ei jer nam je na poklon darovao tri svoje potpuno nove kompozicije za 45. ro\u0111endan fakulteta.\u201c<\/p>\n<p>Koncert u kome \u00a0sa Svetislavom Bo\u017ei\u0107em u\u010destvuju i zajedni\u010dki muziciraju studenti i nastavnici Fakulteta umetnosti odr\u017ea\u0107e se u Sali Mitrova\u010dkog Dvora sa po\u010detkom u 20 sati.<\/p>\n","protected":false},"excerpt":{"rendered":"<p>Svetislav Bo\u017ei\u0107, kompozitor i univerzitetski profesor, autor je vi\u0161e od 200 kompozicija razli\u010ditih \u017eanrova i jedan je od najzna\u010dajnijih kompozitora srpske duhovne muzike. Njegove kompozicije izvode doma\u0107i i inostrani orkestri i horovi u dvadesetak zemalja. Dobitnik je Vukove, Oktobarske nagrada grada Beograda i priznanja Zlatni beo\u010dug. Fakultet umetnosti u Mitrovici organizuje autorski koncert uva\u017eenog umetnika,&hellip;<\/p>\n","protected":false},"author":2,"featured_media":1386,"comment_status":"open","ping_status":"open","sticky":false,"template":"","format":"standard","meta":{"footnotes":""},"categories":[2],"tags":[368,551,552],"class_list":["post-1383","post","type-post","status-publish","format-standard","has-post-thumbnail","hentry","category-news","tag-fakultet-umetnosti-pristina","tag-svetislav-bozic","tag-prosvetljenje","category-2","description-off"],"_links":{"self":[{"href":"https:\/\/radiokfor.com\/2\/wp-json\/wp\/v2\/posts\/1383","targetHints":{"allow":["GET"]}}],"collection":[{"href":"https:\/\/radiokfor.com\/2\/wp-json\/wp\/v2\/posts"}],"about":[{"href":"https:\/\/radiokfor.com\/2\/wp-json\/wp\/v2\/types\/post"}],"author":[{"embeddable":true,"href":"https:\/\/radiokfor.com\/2\/wp-json\/wp\/v2\/users\/2"}],"replies":[{"embeddable":true,"href":"https:\/\/radiokfor.com\/2\/wp-json\/wp\/v2\/comments?post=1383"}],"version-history":[{"count":1,"href":"https:\/\/radiokfor.com\/2\/wp-json\/wp\/v2\/posts\/1383\/revisions"}],"predecessor-version":[{"id":1387,"href":"https:\/\/radiokfor.com\/2\/wp-json\/wp\/v2\/posts\/1383\/revisions\/1387"}],"wp:featuredmedia":[{"embeddable":true,"href":"https:\/\/radiokfor.com\/2\/wp-json\/wp\/v2\/media\/1386"}],"wp:attachment":[{"href":"https:\/\/radiokfor.com\/2\/wp-json\/wp\/v2\/media?parent=1383"}],"wp:term":[{"taxonomy":"category","embeddable":true,"href":"https:\/\/radiokfor.com\/2\/wp-json\/wp\/v2\/categories?post=1383"},{"taxonomy":"post_tag","embeddable":true,"href":"https:\/\/radiokfor.com\/2\/wp-json\/wp\/v2\/tags?post=1383"}],"curies":[{"name":"wp","href":"https:\/\/api.w.org\/{rel}","templated":true}]}}