{"id":13816,"date":"2021-10-08T14:00:49","date_gmt":"2021-10-08T14:00:49","guid":{"rendered":"http:\/\/radiokfor.com\/2\/?p=13816"},"modified":"2021-10-08T14:00:49","modified_gmt":"2021-10-08T14:00:49","slug":"komandant-kfor-a-general-major-franco-federici-porukama-mira-zavrsava-mandat","status":"publish","type":"post","link":"https:\/\/radiokfor.com\/2\/komandant-kfor-a-general-major-franco-federici-porukama-mira-zavrsava-mandat\/","title":{"rendered":"Komandant KFOR-a general-major Franco Federici porukama mira zavr\u0161ava mandat"},"content":{"rendered":"<p>U sedi\u0161tu KFOR-a koje se nalazi u kampu Film City u Pri\u0161tini, Alpini bend, Taurinense brigade (italijanska vojska), odr\u017eao je koncert za vojne stare\u0161ine i predstavnike institucija na Kosovu.<\/p>\n<p>Koncerti \u0107e biti odr\u017eani u jo\u0161 \u010detiri grada na Kosovu (Uro\u0161evac, Pec\u0301, Prizren i Pri\u0161tina) od subote 9. oktobra do petka 15. oktobra, uz po\u0161tovanje svih mera donetih za suzbijanje virusa COVID 19.<\/p>\n<p>Ovim koncertima, koji nose naziv &#8220;Hvala kosovskoj zajednici&#8221;, komandant KFOR-a, general-major Franco Federici, \u010diji se mandat bli\u017ei kraju, \u017eeli da pozdravi sve zajednice na Kosovu.<\/p>\n<p>Alpini bend za ovu priliku \u010dini 30 muzi\u010dara. Repertoar je raznovrsan i \u010dine ga, osim vojni\u010dke muzike, simfonijska i laka dela sa posebnim akcentom na originalni repertoar benda.<\/p>\n<p>Muzi\u010dki ansambl \u0107e biti i deo ceremonije primopredaje du\u017enosti komandanta KFOR -a u petak 15. oktobra.<\/p>\n","protected":false},"excerpt":{"rendered":"<p>U sedi\u0161tu KFOR-a koje se nalazi u kampu Film City u Pri\u0161tini, Alpini bend, Taurinense brigade (italijanska vojska), odr\u017eao je koncert za vojne stare\u0161ine i predstavnike institucija na Kosovu. Koncerti \u0107e biti odr\u017eani u jo\u0161 \u010detiri grada na Kosovu (Uro\u0161evac, Pec\u0301, Prizren i Pri\u0161tina) od subote 9. oktobra do petka 15. oktobra, uz po\u0161tovanje svih&hellip;<\/p>\n","protected":false},"author":7,"featured_media":13817,"comment_status":"closed","ping_status":"closed","sticky":false,"template":"","format":"standard","meta":{"footnotes":""},"categories":[2],"tags":[],"class_list":["post-13816","post","type-post","status-publish","format-standard","has-post-thumbnail","hentry","category-news","category-2","description-off"],"_links":{"self":[{"href":"https:\/\/radiokfor.com\/2\/wp-json\/wp\/v2\/posts\/13816","targetHints":{"allow":["GET"]}}],"collection":[{"href":"https:\/\/radiokfor.com\/2\/wp-json\/wp\/v2\/posts"}],"about":[{"href":"https:\/\/radiokfor.com\/2\/wp-json\/wp\/v2\/types\/post"}],"author":[{"embeddable":true,"href":"https:\/\/radiokfor.com\/2\/wp-json\/wp\/v2\/users\/7"}],"replies":[{"embeddable":true,"href":"https:\/\/radiokfor.com\/2\/wp-json\/wp\/v2\/comments?post=13816"}],"version-history":[{"count":2,"href":"https:\/\/radiokfor.com\/2\/wp-json\/wp\/v2\/posts\/13816\/revisions"}],"predecessor-version":[{"id":13819,"href":"https:\/\/radiokfor.com\/2\/wp-json\/wp\/v2\/posts\/13816\/revisions\/13819"}],"wp:featuredmedia":[{"embeddable":true,"href":"https:\/\/radiokfor.com\/2\/wp-json\/wp\/v2\/media\/13817"}],"wp:attachment":[{"href":"https:\/\/radiokfor.com\/2\/wp-json\/wp\/v2\/media?parent=13816"}],"wp:term":[{"taxonomy":"category","embeddable":true,"href":"https:\/\/radiokfor.com\/2\/wp-json\/wp\/v2\/categories?post=13816"},{"taxonomy":"post_tag","embeddable":true,"href":"https:\/\/radiokfor.com\/2\/wp-json\/wp\/v2\/tags?post=13816"}],"curies":[{"name":"wp","href":"https:\/\/api.w.org\/{rel}","templated":true}]}}