{"id":13775,"date":"2021-10-04T12:58:03","date_gmt":"2021-10-04T12:58:03","guid":{"rendered":"http:\/\/radiokfor.com\/2\/?p=13775"},"modified":"2021-10-04T12:58:03","modified_gmt":"2021-10-04T12:58:03","slug":"pocinje-konferencija-mladi-i-zene-za-mir","status":"publish","type":"post","link":"https:\/\/radiokfor.com\/2\/pocinje-konferencija-mladi-i-zene-za-mir\/","title":{"rendered":"Po\u010dinje konferencija mladi i \u017eene za mir"},"content":{"rendered":"<p>Danas po\u010dinje konferencija \u201cMladi i \u017eene za mir\u201d, koju organizuje Akademija za dijalog.<\/p>\n<p>Jasemine Kamberi i Katarina Cukovi\u0107 iz OEBS misije na Kosovu ka\u017eu da je osnovna svrha organizovanja ovakvog foruma da se okupi 30 mladih \u017eena i mu\u0161karaca kako bi pro\u0161irili znanje o va\u017enosti uklju\u010divanja \u017eena i mladih ljudi u pregovore i mirovni proces.<\/p>\n<p>\u201cForum \u0107e se odr\u017eavati onlajn, od 4. do 30. oktobra, a u\u010desnici \u0107e prisustvovati jednom uvodnom govoru, jednoj panel diskusiji i jednoj radionici nedeljno. Program konferencije \u0107e biti prilago\u0111en u odnosu na slede\u0107e teme: uklju\u010divanje \u017eena i mladih u mirovne procese, primena Rezolucija 1325 i 2250 SBUN i uklju\u010divanje gra\u0111anskog dru\u0161tva u primenu ove dve rezolucije. Tokom panel diskusija, relevantni stru\u010dnjaci razgovara\u0107e sa u\u010desnicima o primeni i primerima najboljih praksi primene ovih rezolucija na Zapadnom Balkanu, dok \u0107e na radionicama u\u010desnici imati priliku da razgovaraju o svojoj ulozi u primeni obe rezolucije u njihovim zajednicama\u201d.<\/p>\n<p>Forum realizuju \u010dlanice Mre\u017ee alumnistkinja OEBS-ove Akademije dijaloga za mlade \u017eene, a podr\u017eava ga Misija OEBS-a na Kosovu. Akademija dijaloga je desetodnevni godi\u0161nji program koji okuplja 24 \u017eene od 20 do 27 godina (12 iz Pri\u0161tine i 12 iz Beograda) sa ciljem izgradnje mre\u017ee mladih \u017eena koje \u0107e smanjiti izazove izme\u0111u dva dru\u0161tva, promovisati dijalog i izgradnju mira i biti primer drugima. Mre\u017ea alumnistkinja ima 140 \u010dlanova i realizovala je 15 manjih projekata i aktivnosti od 2016. godine.<\/p>\n","protected":false},"excerpt":{"rendered":"<p>Danas po\u010dinje konferencija \u201cMladi i \u017eene za mir\u201d, koju organizuje Akademija za dijalog. Jasemine Kamberi i Katarina Cukovi\u0107 iz OEBS misije na Kosovu ka\u017eu da je osnovna svrha organizovanja ovakvog foruma da se okupi 30 mladih \u017eena i mu\u0161karaca kako bi pro\u0161irili znanje o va\u017enosti uklju\u010divanja \u017eena i mladih ljudi u pregovore i mirovni proces.&hellip;<\/p>\n","protected":false},"author":11,"featured_media":13776,"comment_status":"closed","ping_status":"closed","sticky":false,"template":"","format":"standard","meta":{"footnotes":""},"categories":[2],"tags":[],"class_list":["post-13775","post","type-post","status-publish","format-standard","has-post-thumbnail","hentry","category-news","category-2","description-off"],"_links":{"self":[{"href":"https:\/\/radiokfor.com\/2\/wp-json\/wp\/v2\/posts\/13775","targetHints":{"allow":["GET"]}}],"collection":[{"href":"https:\/\/radiokfor.com\/2\/wp-json\/wp\/v2\/posts"}],"about":[{"href":"https:\/\/radiokfor.com\/2\/wp-json\/wp\/v2\/types\/post"}],"author":[{"embeddable":true,"href":"https:\/\/radiokfor.com\/2\/wp-json\/wp\/v2\/users\/11"}],"replies":[{"embeddable":true,"href":"https:\/\/radiokfor.com\/2\/wp-json\/wp\/v2\/comments?post=13775"}],"version-history":[{"count":1,"href":"https:\/\/radiokfor.com\/2\/wp-json\/wp\/v2\/posts\/13775\/revisions"}],"predecessor-version":[{"id":13777,"href":"https:\/\/radiokfor.com\/2\/wp-json\/wp\/v2\/posts\/13775\/revisions\/13777"}],"wp:featuredmedia":[{"embeddable":true,"href":"https:\/\/radiokfor.com\/2\/wp-json\/wp\/v2\/media\/13776"}],"wp:attachment":[{"href":"https:\/\/radiokfor.com\/2\/wp-json\/wp\/v2\/media?parent=13775"}],"wp:term":[{"taxonomy":"category","embeddable":true,"href":"https:\/\/radiokfor.com\/2\/wp-json\/wp\/v2\/categories?post=13775"},{"taxonomy":"post_tag","embeddable":true,"href":"https:\/\/radiokfor.com\/2\/wp-json\/wp\/v2\/tags?post=13775"}],"curies":[{"name":"wp","href":"https:\/\/api.w.org\/{rel}","templated":true}]}}