{"id":13769,"date":"2021-10-04T09:03:08","date_gmt":"2021-10-04T09:03:08","guid":{"rendered":"http:\/\/radiokfor.com\/2\/?p=13769"},"modified":"2021-10-04T09:03:08","modified_gmt":"2021-10-04T09:03:08","slug":"danas-pocinje-svetska-nedelja-svemira","status":"publish","type":"post","link":"https:\/\/radiokfor.com\/2\/danas-pocinje-svetska-nedelja-svemira\/","title":{"rendered":"Danas po\u010dinje Svetska nedelja svemira"},"content":{"rendered":"<p>Danas zapo\u010dinje Svetska nedelja svemira (World Space Week), me\u0111unarodna manifestacija \u010diji je primarni cilj da nizom doga\u0111aja organizovanih \u0161irom sveta, u dru\u0161tvu podstakne interesovanje za svemir, svemirske nauke i obrazovanje.<\/p>\n<p>Svetska nedelja svemira se obele\u017eava svake godine u periodu od 4. do 10. oktobra. U obele\u017eavanju ove manifestacije u\u010destvuju svemirske agencije, avio kompanije, planetarijumi, \u0161kole, muzeji, astronomska dru\u0161tva i druge institucije.<\/p>\n<p>Generalna skup\u0161tina Ujedinjenih nacija je 1999. godine Svetsku nedelju svemira proglasila me\u0111unarodnom manifestacijom. Obele\u017eavanje ove manifestacije je pod vo\u0111stvom UN komiteta za miroljubivo kori\u0161\u0107enje svemira (COPUOS) i UN kancelarije za kori\u0161\u0107enje svemira (OSAA).<\/p>\n<p>Tema ovogi\u0161nje Svetske nedelje svemira je \u201e\u017dene u svemiru\u201c!<\/p>\n","protected":false},"excerpt":{"rendered":"<p>Danas zapo\u010dinje Svetska nedelja svemira (World Space Week), me\u0111unarodna manifestacija \u010diji je primarni cilj da nizom doga\u0111aja organizovanih \u0161irom sveta, u dru\u0161tvu podstakne interesovanje za svemir, svemirske nauke i obrazovanje. Svetska nedelja svemira se obele\u017eava svake godine u periodu od 4. do 10. oktobra. U obele\u017eavanju ove manifestacije u\u010destvuju svemirske agencije, avio kompanije, planetarijumi, \u0161kole,&hellip;<\/p>\n","protected":false},"author":2,"featured_media":13770,"comment_status":"closed","ping_status":"closed","sticky":false,"template":"","format":"standard","meta":{"footnotes":""},"categories":[2],"tags":[],"class_list":["post-13769","post","type-post","status-publish","format-standard","has-post-thumbnail","hentry","category-news","category-2","description-off"],"_links":{"self":[{"href":"https:\/\/radiokfor.com\/2\/wp-json\/wp\/v2\/posts\/13769","targetHints":{"allow":["GET"]}}],"collection":[{"href":"https:\/\/radiokfor.com\/2\/wp-json\/wp\/v2\/posts"}],"about":[{"href":"https:\/\/radiokfor.com\/2\/wp-json\/wp\/v2\/types\/post"}],"author":[{"embeddable":true,"href":"https:\/\/radiokfor.com\/2\/wp-json\/wp\/v2\/users\/2"}],"replies":[{"embeddable":true,"href":"https:\/\/radiokfor.com\/2\/wp-json\/wp\/v2\/comments?post=13769"}],"version-history":[{"count":1,"href":"https:\/\/radiokfor.com\/2\/wp-json\/wp\/v2\/posts\/13769\/revisions"}],"predecessor-version":[{"id":13771,"href":"https:\/\/radiokfor.com\/2\/wp-json\/wp\/v2\/posts\/13769\/revisions\/13771"}],"wp:featuredmedia":[{"embeddable":true,"href":"https:\/\/radiokfor.com\/2\/wp-json\/wp\/v2\/media\/13770"}],"wp:attachment":[{"href":"https:\/\/radiokfor.com\/2\/wp-json\/wp\/v2\/media?parent=13769"}],"wp:term":[{"taxonomy":"category","embeddable":true,"href":"https:\/\/radiokfor.com\/2\/wp-json\/wp\/v2\/categories?post=13769"},{"taxonomy":"post_tag","embeddable":true,"href":"https:\/\/radiokfor.com\/2\/wp-json\/wp\/v2\/tags?post=13769"}],"curies":[{"name":"wp","href":"https:\/\/api.w.org\/{rel}","templated":true}]}}