{"id":1371,"date":"2018-03-15T08:10:41","date_gmt":"2018-03-15T08:10:41","guid":{"rendered":"http:\/\/radiokfor.com\/2\/?p=1371"},"modified":"2018-11-30T08:12:44","modified_gmt":"2018-11-30T08:12:44","slug":"promocija-knjige-prof-dr-milorada-jevrica","status":"publish","type":"post","link":"https:\/\/radiokfor.com\/2\/promocija-knjige-prof-dr-milorada-jevrica\/","title":{"rendered":"Promocija knjige prof.dr Milorada Jevri\u0107a"},"content":{"rendered":"<div>U amfiteatru Filozofskog fakulteta u Mitrovici odr\u017eana je promocija knjige prof. dr Milorada Jevri\u0107a \u201cIstorija srpske knji\u017eevnosti \u2013 realizam\u201d, i sam autor isti\u010de da je zna\u010daj ove knjige u tome \u0161to je to prva istorija realizma kod nas i da se nada da \u0107e biti od koristi studentima na doma\u0107im univerzitetima ali i u regionu.<\/div>\n<div><\/div>\n<div>\u201eZna\u010daj ove knjige je u nauci prepoznat po tome \u0161to je popunila jednu veliku prazninu. Do sada nije bilo Istorije srpskog realizma, bila je recimo Istorija srpskog<\/div>\n<div>romantizma kod Miodraga Popovi\u0107a, ili Istorija stare knji\u017eevnosti kod Dimitrija Bogdanovi\u0107a. Me\u0111utim istorije realizma tako kompletne, velike nije bilo do sad. Tako da u tom smislu, njena pojava je obradila celu epohu, i ona je zaista popunila veliku prazninu i u nauci i u samoj praksi jer nauka bez pozivanja na knji\u017eevnost slaba je. Ako nemate upori\u0161ta u knji\u017eevnost onda je ta teorija dosta u vazduhu.\u201c<\/div>\n<div><\/div>\n<div>Promoter ove knjige, prof.dr Danica Andrejevi\u0107 napominje da realizam u srpskoj knji\u017eevnosti obuhvata dosta \u0161iroku, zanimljivu i raznovrsnu panoramu knji\u017eevnih pojava u velikom vremenskom rasponu, i sa razlogom je vode\u0107i knji\u017eevni pravac.<\/div>\n<div><\/div>\n<div>Pisci svu pa\u017enju posve\u0107uju razli\u010ditim vidovima narodnog \u017eivota, od onih prastarih folklornih, do onih koje je donosilo novo vreme. Oni te\u017ee da \u0161to vernije prenesu ne samo na\u010din \u017eivota, obi\u010daje, shvatanja nego i na\u010din govora ljudi u pojedinim krajevima. U knji\u017eevnost ulazi regionalna tematika, a u njen jezik prodiru provincijalizmi, dijalekatska obele\u017eja, govorne odlike pojedinih profesija i stale\u017ea.<\/div>\n","protected":false},"excerpt":{"rendered":"<p>U amfiteatru Filozofskog fakulteta u Mitrovici odr\u017eana je promocija knjige prof. dr Milorada Jevri\u0107a \u201cIstorija srpske knji\u017eevnosti \u2013 realizam\u201d, i sam autor isti\u010de da je zna\u010daj ove knjige u tome \u0161to je to prva istorija realizma kod nas i da se nada da \u0107e biti od koristi studentima na doma\u0107im univerzitetima ali i u regionu.&hellip;<\/p>\n","protected":false},"author":2,"featured_media":1373,"comment_status":"open","ping_status":"open","sticky":false,"template":"","format":"standard","meta":{"footnotes":""},"categories":[2],"tags":[543,544,545],"class_list":["post-1371","post","type-post","status-publish","format-standard","has-post-thumbnail","hentry","category-news","tag-filozofski-fakultet-pristina","tag-istorija-srpske-knjizevnosti-realizam","tag-milorad-jevric","category-2","description-off"],"_links":{"self":[{"href":"https:\/\/radiokfor.com\/2\/wp-json\/wp\/v2\/posts\/1371","targetHints":{"allow":["GET"]}}],"collection":[{"href":"https:\/\/radiokfor.com\/2\/wp-json\/wp\/v2\/posts"}],"about":[{"href":"https:\/\/radiokfor.com\/2\/wp-json\/wp\/v2\/types\/post"}],"author":[{"embeddable":true,"href":"https:\/\/radiokfor.com\/2\/wp-json\/wp\/v2\/users\/2"}],"replies":[{"embeddable":true,"href":"https:\/\/radiokfor.com\/2\/wp-json\/wp\/v2\/comments?post=1371"}],"version-history":[{"count":1,"href":"https:\/\/radiokfor.com\/2\/wp-json\/wp\/v2\/posts\/1371\/revisions"}],"predecessor-version":[{"id":1374,"href":"https:\/\/radiokfor.com\/2\/wp-json\/wp\/v2\/posts\/1371\/revisions\/1374"}],"wp:featuredmedia":[{"embeddable":true,"href":"https:\/\/radiokfor.com\/2\/wp-json\/wp\/v2\/media\/1373"}],"wp:attachment":[{"href":"https:\/\/radiokfor.com\/2\/wp-json\/wp\/v2\/media?parent=1371"}],"wp:term":[{"taxonomy":"category","embeddable":true,"href":"https:\/\/radiokfor.com\/2\/wp-json\/wp\/v2\/categories?post=1371"},{"taxonomy":"post_tag","embeddable":true,"href":"https:\/\/radiokfor.com\/2\/wp-json\/wp\/v2\/tags?post=1371"}],"curies":[{"name":"wp","href":"https:\/\/api.w.org\/{rel}","templated":true}]}}