{"id":13650,"date":"2021-09-21T08:53:49","date_gmt":"2021-09-21T08:53:49","guid":{"rendered":"http:\/\/radiokfor.com\/2\/?p=13650"},"modified":"2021-09-21T08:53:49","modified_gmt":"2021-09-21T08:53:49","slug":"lepota-kosova-je-u-razlicitosti","status":"publish","type":"post","link":"https:\/\/radiokfor.com\/2\/lepota-kosova-je-u-razlicitosti\/","title":{"rendered":"Lepota Kosova je u razli\u010ditosti"},"content":{"rendered":"<p>Kosovo predstavlja skup velikog broja razli\u010ditih kultura i jezika koji se ovde mogu \u010duti. Lepotu razli\u010ditosti treba negovati i unaprediti i nikako na nju ne treba gledati kao na nedostatak.<\/p>\n<p><strong>Durata Prok\u0161a<\/strong> je po profesiji sociolog, ka\u017ee da je za nju to posebna profesija jer joj poma\u017ee da bolje razume dru\u0161tvo u kom \u017eivi. Mo\u017ee se re\u0107i i da joj to dobro ide budu\u0107i da govori sva tri zvani\u010dna jezika na Kosovu.<\/p>\n<p>Ono \u0161to njenu pri\u010du razlikuje od drugih je podatak da je ona Albanka koja \u017eivi u Ju\u017enoj, a radi u Severnoj Mitrovici. Ka\u017ee da u njenom okru\u017eenju niko nije iznena\u0111en zbog toga jer ljudi ovde znaju da Srbi i Albanci mogu da \u017eive i rade zajedno.<\/p>\n<p>\u201c<em>Ljudi se razlikuju s razlogom, ali ljudskost se prepoznaje kada razlike prihvatimo kao \u010dinjenicu i kao takve ih po\u0161tujemo bez predrasuda. Na\u0161e\u00a0 dru\u0161tvo \u010dine uglavnom mladi ljudi koji \u017eive u malim sredinama koji \u0107e kroz \u017eivot trebati pomo\u0107 sugra\u0111ana od kojih se mo\u017eda razlikuju, ali imaju sli\u010dne \u017eivotne problem<\/em>\u201d, dodaje <strong>Prok\u0161a<\/strong>.<\/p>\n<p>Na <strong>Me\u0111unarodni dan mira<\/strong> setimo se da mir predstavlja trajne napore koji se ula\u017eu u razvoj dru\u0161tva i pojedinaca, mir daje priliku u\u010denju i aktivnom delovanju i ozna\u010dava dru\u0161tvo svesnih i savesnih pojedinaca.<\/p>\n<p>&nbsp;<\/p>\n","protected":false},"excerpt":{"rendered":"<p>Kosovo predstavlja skup velikog broja razli\u010ditih kultura i jezika koji se ovde mogu \u010duti. Lepotu razli\u010ditosti treba negovati i unaprediti i nikako na nju ne treba gledati kao na nedostatak. Durata Prok\u0161a je po profesiji sociolog, ka\u017ee da je za nju to posebna profesija jer joj poma\u017ee da bolje razume dru\u0161tvo u kom \u017eivi. Mo\u017ee&hellip;<\/p>\n","protected":false},"author":9,"featured_media":13651,"comment_status":"closed","ping_status":"closed","sticky":false,"template":"","format":"standard","meta":{"footnotes":""},"categories":[2],"tags":[],"class_list":["post-13650","post","type-post","status-publish","format-standard","has-post-thumbnail","hentry","category-news","category-2","description-off"],"_links":{"self":[{"href":"https:\/\/radiokfor.com\/2\/wp-json\/wp\/v2\/posts\/13650","targetHints":{"allow":["GET"]}}],"collection":[{"href":"https:\/\/radiokfor.com\/2\/wp-json\/wp\/v2\/posts"}],"about":[{"href":"https:\/\/radiokfor.com\/2\/wp-json\/wp\/v2\/types\/post"}],"author":[{"embeddable":true,"href":"https:\/\/radiokfor.com\/2\/wp-json\/wp\/v2\/users\/9"}],"replies":[{"embeddable":true,"href":"https:\/\/radiokfor.com\/2\/wp-json\/wp\/v2\/comments?post=13650"}],"version-history":[{"count":1,"href":"https:\/\/radiokfor.com\/2\/wp-json\/wp\/v2\/posts\/13650\/revisions"}],"predecessor-version":[{"id":13653,"href":"https:\/\/radiokfor.com\/2\/wp-json\/wp\/v2\/posts\/13650\/revisions\/13653"}],"wp:featuredmedia":[{"embeddable":true,"href":"https:\/\/radiokfor.com\/2\/wp-json\/wp\/v2\/media\/13651"}],"wp:attachment":[{"href":"https:\/\/radiokfor.com\/2\/wp-json\/wp\/v2\/media?parent=13650"}],"wp:term":[{"taxonomy":"category","embeddable":true,"href":"https:\/\/radiokfor.com\/2\/wp-json\/wp\/v2\/categories?post=13650"},{"taxonomy":"post_tag","embeddable":true,"href":"https:\/\/radiokfor.com\/2\/wp-json\/wp\/v2\/tags?post=13650"}],"curies":[{"name":"wp","href":"https:\/\/api.w.org\/{rel}","templated":true}]}}